


{"id":534,"date":"2015-09-30T15:06:32","date_gmt":"2015-09-30T14:06:32","guid":{"rendered":"http:\/\/34bw.be\/?p=534"},"modified":"2015-09-30T15:20:11","modified_gmt":"2015-09-30T14:20:11","slug":"information-rentree-2015","status":"publish","type":"post","link":"https:\/\/www.34bw.be\/?p=534","title":{"rendered":"Information rentr\u00e9e 2015"},"content":{"rendered":"<div>\n<div>\n<div>\n<div>\n<div>\n<p style=\"text-align: justify;\">Yo-yo, y\u00e9-y\u00e9, ya-ya chers m\u00e9s-ani et chers rents-pa!<\/p>\n<\/div>\n<p style=\"text-align: justify;\">Bien ou bien?<\/p>\n<p style=\"text-align: justify;\">\n<\/div>\n<h4 style=\"text-align: justify;\"><b>\u00a0\u00a0\u00a0\u00a0\u00a0\u00a0\u00a0\u00a0\u00a0 1. N\u0153ud de Foulard :<\/b><\/h4>\n<\/div>\n<p style=\"text-align: justify;\">Le N\u0153ud de Foulard est enfin \u00e0 bout de doigt! \u00c9tant trop volumineux pour vous le transmettre par mail (+ &#8211; 30Mo), voici le lien vous permettant d&rsquo;acc\u00e9der \u00e0 celui-ci :\u00a0<a href=\"http:\/\/goo.gl\/sgcXiV\" target=\"_blank\">Noeud de Foulard 2015-2016<\/a><\/p>\n<\/div>\n<p style=\"text-align: justify;\">Comme expliqu\u00e9 pr\u00e9c\u00e9demment, il s&rsquo;agit d&rsquo;un journal d&rsquo;unit\u00e9 reprenant les informations importantes, les camps 2014-2015, le descriptif des sections, le planning de l&rsquo;ann\u00e9e,&#8230; <b>Pr\u00e9cision sp\u00e9ciale Louveteaux<\/b> : la date du 20\/02\/16 \u00e9tait manquante dans le planning joint au dossier d&rsquo;inscription. Celle-ci a donc \u00e9t\u00e9 ajout\u00e9e. Bonne lecture!<\/p>\n<p style=\"text-align: justify;\">\n<\/div>\n<div style=\"text-align: justify;\">\n<h4>\u00a0\u00a0\u00a0\u00a0\u00a0\u00a0<b>\u00a0\u00a0\u00a0 2. Journ\u00e9e verte &#8211; 10 octobre 2015 :<\/b><\/h4>\n<\/div>\n<div style=\"text-align: justify;\">Comme annonc\u00e9 pr\u00e9c\u00e9demment, la journ\u00e9e verte est un rassemblement inter-unit\u00e9s de l&rsquo;entit\u00e9 de Genappe durant lequel les jeux et travaux sont ax\u00e9s sur l&rsquo;environnement et l&rsquo;am\u00e9lioration du lieu dans lequel nous jouons et vivons. Pour rester dans ce th\u00e8me scout, nous vous demandons de privil\u00e9gier les bo\u00eetes \u00e0 tartines et les gourdes r\u00e9utilisables afin d&rsquo;\u00e9viter tout d\u00e9chet inutile (autant que faire se peut).<\/div>\n<div style=\"text-align: justify;\">\n<p>Cette ann\u00e9e, les Louveteaux et Baladins seront sensibilis\u00e9s \u00e0 partir de jeux tandis que les scouts mettront la main \u00e0 la p\u00e2te pour la premi\u00e8re partie de la journ\u00e9e.<\/p>\n<\/div>\n<div style=\"text-align: justify;\">\n<p><u>Voici les infos pratiques :<\/u><\/p>\n<\/div>\n<h5 style=\"text-align: justify;\"><i>Pour les <b>Louveteaux <\/b>et <b>Baladins<\/b><\/i> :<\/h5>\n<div style=\"text-align: justify;\">&#8211; Rendez-vous fix\u00e9 \u00e0 <b>09.30<\/b> heures au parking Beghin (plaine communale, hall omnisport de Genappe) et d\u00e9part au m\u00eame endroit \u00e0 <b>17.00<\/b> heures.<\/div>\n<div style=\"text-align: justify;\">&#8211; Le repas du midi est \u00e0 pr\u00e9voir tandis que le 4h sera offert.<\/div>\n<div style=\"text-align: justify;\">\n<p>&#8211; Pr\u00e9voir des habits de pluie suivant les pr\u00e9visions m\u00e9t\u00e9orologiques.<\/p>\n<h5><i>Pour les <b>Scouts<\/b><b><\/b><\/i> :<\/h5>\n<\/div>\n<div style=\"text-align: justify;\">&#8211; Journ\u00e9e durant laquelle les anim\u00e9s se d\u00e9placeront \u00e0 <b>v\u00e9lo<\/b>. Les anim\u00e9s devront \u00e9videmment porter un casque en cons\u00e9quence ainsi qu&rsquo;un gilet fluo pour maximiser leur s\u00e9curit\u00e9 lors des d\u00e9placements.<\/div>\n<div style=\"text-align: justify;\">\n<p>&#8211; Rendez-vous fix\u00e9 \u00e0 <b>09.00<\/b> heures au local et fin \u00e0 <b>17.00<\/b> heures au parking Beghin (plaine communale, hall omnisport de Genappe).<\/p>\n<div>&#8211; Le repas du midi est \u00e0 pr\u00e9voir tandis que le 4h sera offert.<\/div>\n<p>&#8211; Pr\u00e9voir des habits de pluie suivant les pr\u00e9visions m\u00e9t\u00e9orologiques et porter des habits permettant de travailler (privil\u00e9gier un pantalon).<\/p>\n<\/div>\n<div style=\"text-align: justify;\">&#8211; Pr\u00e9voir des gants de travail et un outil type s\u00e9cateur (si vous en poss\u00e9dez un).<\/div>\n<div style=\"text-align: justify;\"><\/div>\n<div style=\"text-align: justify;\"><\/div>\n<h4 style=\"text-align: justify;\">\u00a0 \u00a0 \u00a0 \u00a0 <b>\u00a0 3. Listing d&rsquo;unit\u00e9 :<\/b><\/h4>\n<div style=\"text-align: justify;\">Les parents pr\u00e9sents \u00e0 la r\u00e9union de passage\u00a0le savent d\u00e9j\u00e0, nous remettons \u00e0 neuf (d\u00e9part de 0) le listing de l&rsquo;Unit\u00e9. En effet, les donn\u00e9es, adresses mails, num\u00e9ro de t\u00e9l\u00e9phone de nombreux parents ne sont pas \u00e0 jour. Pour ce faire, nous vous\u00a0<b><u>demandons absolument <\/u><\/b>de remplir le questionnaire suivant :\u00a0<a href=\"https:\/\/docs.google.com\/forms\/d\/1jaq4enw3ZzK_duqmgppkLuUglar2_zX7PrknFkxxMEc\/viewform\" target=\"_blank\">Formulaire listing<\/a><\/div>\n<div style=\"text-align: justify;\">&#8211; Un questionnaire par enfant dans l&rsquo;Unit\u00e9 (possibilit\u00e9 de mettre les coordonn\u00e9es des 2 parents).<\/div>\n<div style=\"text-align: justify;\">&#8211; Les parents l&rsquo;ayant d\u00e9j\u00e0 rempli lors de la r\u00e9union de passage ne doivent plus le r\u00e9aliser.<\/div>\n<div style=\"text-align: justify;\"><\/div>\n<div style=\"text-align: justify;\"><\/div>\n<h4 style=\"text-align: justify;\">\u00a0 \u00a0 \u00a0 \u00a0<b> \u00a0 4. Fiche m\u00e9dicale :<\/b><\/h4>\n<div style=\"text-align: justify;\">En annexe, vous trouverez <a href=\"http:\/\/34bw.be\/wp-content\/uploads\/2015\/09\/A_FS_Fiche_sante_individuelle_110926_FR-1.pdf\" target=\"_blank\">la fiche m\u00e9dicale<\/a> que vous devez remplir pour chaque enfant inscrit dans l&rsquo;Unit\u00e9. Nous vous demandons de remplir et d&rsquo;imprimer celle-ci puis de la remettre aux animateurs en charge de votre enfant.<\/div>\n<div style=\"text-align: justify;\"><\/div>\n<div style=\"text-align: justify;\"><\/div>\n<h4 style=\"text-align: justify;\"><b>\u00a0 \u00a0 \u00a0 \u00a0 \u00a0 5. Marche Adeps :<\/b><\/h4>\n<div style=\"text-align: justify;\">Pour rappel aux parents non pr\u00e9sents lors de la r\u00e9union de passage, nous organisons la traditionnelle marche Adeps ce dimanche 18 octobre 2015. N&rsquo;h\u00e9sitez pas \u00e0 venir nous donner un petit coup de pouce durant la journ\u00e9e (tenir le bar, cuire des saucisses,&#8230;) ou \u00e0 pr\u00e9parer de somptueux g\u00e2teaux que nous vendrons lors de l&rsquo;activit\u00e9 \ud83d\ude09<\/div>\n<div style=\"text-align: justify;\"><\/div>\n<h5 style=\"text-align: justify;\">Clairvoyance et papouilles.<\/h5>\n<h5 style=\"text-align: justify;\"><\/h5>\n<h5 style=\"text-align: justify;\">Miriki Balle Magique,<\/h5>\n<h5 style=\"text-align: justify;\">Quentin Fayt<\/h5>\n<h5 style=\"text-align: justify;\"><\/h5>\n","protected":false},"excerpt":{"rendered":"<p>Yo-yo, y\u00e9-y\u00e9, ya-ya chers m\u00e9s-ani et chers rents-pa! Bien ou bien? \u00a0\u00a0\u00a0\u00a0\u00a0\u00a0\u00a0\u00a0\u00a0 1. N\u0153ud de Foulard : Le N\u0153ud de Foulard est enfin \u00e0 bout de doigt! \u00c9tant trop volumineux pour vous le transmettre par mail (+ &#8211; 30Mo), voici le lien vous permettant d&rsquo;acc\u00e9der \u00e0 celui-ci :\u00a0Noeud de Foulard 2015-2016 Comme expliqu\u00e9 pr\u00e9c\u00e9demment, il s&rsquo;agit d&rsquo;un journal d&rsquo;unit\u00e9 reprenant les informations importantes, les camps 2014-2015, le descriptif des sections, le planning de l&rsquo;ann\u00e9e,&#8230; Pr\u00e9cision sp\u00e9ciale Louveteaux : la date du 20\/02\/16 \u00e9tait manquante dans le planning joint au dossier d&rsquo;inscription. Celle-ci a donc \u00e9t\u00e9 ajout\u00e9e. Bonne lecture! \u00a0\u00a0\u00a0\u00a0\u00a0\u00a0\u00a0\u00a0\u00a0 2. Journ\u00e9e verte &#8211; 10 octobre 2015 : Comme annonc\u00e9 pr\u00e9c\u00e9demment, la journ\u00e9e verte est un rassemblement inter-unit\u00e9s de l&rsquo;entit\u00e9 de Genappe durant lequel les jeux et travaux sont ax\u00e9s sur l&rsquo;environnement et l&rsquo;am\u00e9lioration du lieu dans lequel nous jouons et vivons. Pour rester dans ce th\u00e8me scout, nous vous demandons de privil\u00e9gier les bo\u00eetes \u00e0 tartines et les gourdes r\u00e9utilisables afin d&rsquo;\u00e9viter tout d\u00e9chet inutile (autant que faire se peut). Cette ann\u00e9e, les Louveteaux et Baladins seront sensibilis\u00e9s \u00e0 partir de jeux tandis que les scouts mettront la main \u00e0 la p\u00e2te pour la premi\u00e8re partie de la journ\u00e9e. Voici les infos pratiques : Pour les Louveteaux et Baladins : &#8211; Rendez-vous fix\u00e9 \u00e0 09.30 heures au parking Beghin (plaine communale, hall omnisport de Genappe) et d\u00e9part au m\u00eame endroit \u00e0 17.00 heures. &#8211; Le repas du midi est \u00e0 pr\u00e9voir tandis que le 4h sera offert. &#8211; Pr\u00e9voir des habits de pluie suivant les pr\u00e9visions m\u00e9t\u00e9orologiques. Pour les Scouts : &#8211; Journ\u00e9e durant laquelle les anim\u00e9s se d\u00e9placeront \u00e0 v\u00e9lo. Les anim\u00e9s devront \u00e9videmment porter un casque en cons\u00e9quence ainsi qu&rsquo;un gilet fluo pour maximiser leur s\u00e9curit\u00e9 lors des d\u00e9placements. &#8211; Rendez-vous fix\u00e9 \u00e0 09.00 heures au local et fin \u00e0 17.00 heures au parking Beghin (plaine communale, hall omnisport de Genappe). &#8211; Le repas du midi est \u00e0 pr\u00e9voir tandis que le 4h sera offert. &#8211; Pr\u00e9voir des habits de pluie suivant les pr\u00e9visions m\u00e9t\u00e9orologiques et porter des habits permettant de travailler (privil\u00e9gier un pantalon). &#8211; Pr\u00e9voir des gants de travail et un outil type s\u00e9cateur (si vous en poss\u00e9dez un). \u00a0 \u00a0 \u00a0 \u00a0 \u00a0 3. Listing d&rsquo;unit\u00e9 : Les parents pr\u00e9sents \u00e0 la r\u00e9union de passage\u00a0le savent d\u00e9j\u00e0, nous remettons \u00e0 neuf (d\u00e9part de 0) le listing de l&rsquo;Unit\u00e9. En effet, les donn\u00e9es, adresses mails, num\u00e9ro de t\u00e9l\u00e9phone de nombreux parents ne sont pas \u00e0 jour. Pour ce faire, nous vous\u00a0demandons absolument de remplir le questionnaire suivant :\u00a0Formulaire listing &#8211; Un questionnaire par enfant dans l&rsquo;Unit\u00e9 (possibilit\u00e9 de mettre les coordonn\u00e9es des 2 parents). &#8211; Les parents l&rsquo;ayant d\u00e9j\u00e0 rempli lors de la r\u00e9union de passage ne doivent plus le r\u00e9aliser. \u00a0 \u00a0 \u00a0 \u00a0 \u00a0 4. Fiche m\u00e9dicale : En annexe, vous trouverez la fiche m\u00e9dicale que vous devez remplir pour chaque enfant inscrit dans l&rsquo;Unit\u00e9. Nous vous demandons de remplir et d&rsquo;imprimer celle-ci puis de la remettre aux animateurs en charge de votre enfant. \u00a0 \u00a0 \u00a0 \u00a0 \u00a0 5. Marche Adeps : Pour rappel aux parents non pr\u00e9sents lors de la r\u00e9union de passage, nous organisons la traditionnelle marche Adeps ce dimanche 18 octobre 2015. N&rsquo;h\u00e9sitez pas \u00e0 venir nous donner un petit coup de pouce durant la journ\u00e9e (tenir le bar, cuire des saucisses,&#8230;) ou \u00e0 pr\u00e9parer de somptueux g\u00e2teaux que nous vendrons lors de l&rsquo;activit\u00e9 \ud83d\ude09 Clairvoyance et papouilles. Miriki Balle Magique, Quentin Fayt<\/p>\n","protected":false},"author":8,"featured_media":0,"comment_status":"open","ping_status":"open","sticky":false,"template":"","format":"standard","meta":{"_jetpack_memberships_contains_paid_content":false,"footnotes":"","jetpack_publicize_message":"","jetpack_publicize_feature_enabled":true,"jetpack_social_post_already_shared":false,"jetpack_social_options":{"image_generator_settings":{"template":"highway","default_image_id":0,"font":"","enabled":false},"version":2}},"categories":[10,15],"tags":[],"post_folder":[],"class_list":["post-534","post","type-post","status-publish","format-standard","hentry","category-global","category-unite","content-layout-full"],"jetpack_publicize_connections":[],"jetpack_featured_media_url":"","jetpack_sharing_enabled":true,"jetpack_shortlink":"https:\/\/wp.me\/p6EvnD-8C","_links":{"self":[{"href":"https:\/\/www.34bw.be\/index.php?rest_route=\/wp\/v2\/posts\/534","targetHints":{"allow":["GET"]}}],"collection":[{"href":"https:\/\/www.34bw.be\/index.php?rest_route=\/wp\/v2\/posts"}],"about":[{"href":"https:\/\/www.34bw.be\/index.php?rest_route=\/wp\/v2\/types\/post"}],"author":[{"embeddable":true,"href":"https:\/\/www.34bw.be\/index.php?rest_route=\/wp\/v2\/users\/8"}],"replies":[{"embeddable":true,"href":"https:\/\/www.34bw.be\/index.php?rest_route=%2Fwp%2Fv2%2Fcomments&post=534"}],"version-history":[{"count":12,"href":"https:\/\/www.34bw.be\/index.php?rest_route=\/wp\/v2\/posts\/534\/revisions"}],"predecessor-version":[{"id":543,"href":"https:\/\/www.34bw.be\/index.php?rest_route=\/wp\/v2\/posts\/534\/revisions\/543"}],"wp:attachment":[{"href":"https:\/\/www.34bw.be\/index.php?rest_route=%2Fwp%2Fv2%2Fmedia&parent=534"}],"wp:term":[{"taxonomy":"category","embeddable":true,"href":"https:\/\/www.34bw.be\/index.php?rest_route=%2Fwp%2Fv2%2Fcategories&post=534"},{"taxonomy":"post_tag","embeddable":true,"href":"https:\/\/www.34bw.be\/index.php?rest_route=%2Fwp%2Fv2%2Ftags&post=534"},{"taxonomy":"post_folder","embeddable":true,"href":"https:\/\/www.34bw.be\/index.php?rest_route=%2Fwp%2Fv2%2Fpost_folder&post=534"}],"curies":[{"name":"wp","href":"https:\/\/api.w.org\/{rel}","templated":true}]}}