


{"id":1960,"date":"2024-06-23T22:25:02","date_gmt":"2024-06-23T20:25:02","guid":{"rendered":"https:\/\/34bw.be\/?p=1960"},"modified":"2024-06-23T22:46:02","modified_gmt":"2024-06-23T20:46:02","slug":"camps-inscriptions-et-locaux","status":"publish","type":"post","link":"https:\/\/www.34bw.be\/?p=1960","title":{"rendered":"CAMPS, INSCRIPTIONS ET LOCAUX"},"content":{"rendered":"<div dir=\"ltr\">\n<p dir=\"ltr\" style=\"line-height:1.38;margin-top:12pt;margin-bottom:0pt\"><span style=\"font-size:12pt;font-family:Arial,sans-serif;color:#222222;background-color:#ffffff;font-weight:400;font-style:normal;font-variant:normal;text-decoration:none;vertical-align:baseline;white-space:pre-wrap;white-space:pre-wrap\">Bonjour \u00e0 tous,<\/span><\/p>\n<p dir=\"ltr\" style=\"line-height:1.38;margin-top:12pt;margin-bottom:0pt\"><span style=\"background-color:transparent;font-family:Arial,sans-serif;font-size:12pt\">L&#39;ann\u00e9e scoute se termine peu \u00e0 peu, voici quelques points importants pour la pr\u00e9paration de la fin d&#39;ann\u00e9e scoute et l&#39;arriv\u00e9e des camps :<\/span><\/p>\n<p dir=\"ltr\" style=\"line-height:1.38;margin-top:12pt;margin-bottom:0pt\"><span style=\"background-color:transparent;font-family:Arial,sans-serif;font-size:12pt;font-weight:700;text-decoration-line:underline\">Camps<\/span><\/p>\n<p style=\"line-height:1.38;margin-left:47pt;margin-top:12pt;margin-bottom:12pt;padding:0pt 0pt 0pt 18pt\"><span style=\"font-size:12pt;font-family:Arial,sans-serif;color:#222222;background-color:transparent;font-weight:400;font-style:normal;font-variant:normal;text-decoration:none;vertical-align:baseline;white-space:pre-wrap;white-space:pre-wrap\">Vous avez normalement re\u00e7u l&#39;ensemble des dossiers de camp avec les informations n\u00e9cessaires \u00e0 leur bonne pr\u00e9paration.<\/span><span style=\"font-size:12pt;font-family:Arial,sans-serif;color:#222222;background-color:transparent;font-weight:400;font-style:normal;font-variant:normal;text-decoration:none;vertical-align:baseline;white-space:pre-wrap;white-space:pre-wrap\"><br \/><\/span><span style=\"font-size:12pt;font-family:Arial,sans-serif;color:#222222;background-color:transparent;font-weight:400;font-style:normal;font-variant:normal;text-decoration:none;vertical-align:baseline;white-space:pre-wrap;white-space:pre-wrap\"> Pendant que les baladins d\u00e9couvriront l\u2019univers circassien \u00e0 Scry, les louveteaux navigueront vers des nouveaux mondes sur leurs drakkars. Embarquement pr\u00e9vu \u00e0 Cul-des-Sarts.<\/span><span style=\"font-size:12pt;font-family:Arial,sans-serif;color:#222222;background-color:transparent;font-weight:400;font-style:normal;font-variant:normal;text-decoration:none;vertical-align:baseline;white-space:pre-wrap;white-space:pre-wrap\"><br \/><\/span><span style=\"font-size:12pt;font-family:Arial,sans-serif;color:#222222;background-color:transparent;font-weight:400;font-style:normal;font-variant:normal;text-decoration:none;vertical-align:baseline;white-space:pre-wrap;white-space:pre-wrap\"> Les Pionniers, en plus petit groupe, useront d\u2019un moyen de locomotion plus moderne puisqu\u2019ils partent \u00e0 la d\u00e9couverte de la France et l\u2019Espagne en van.<\/span><span style=\"font-size:12pt;font-family:Arial,sans-serif;color:#222222;background-color:transparent;font-weight:400;font-style:normal;font-variant:normal;text-decoration:none;vertical-align:baseline;white-space:pre-wrap;white-space:pre-wrap\"><br \/><\/span><span style=\"font-size:12pt;font-family:Arial,sans-serif;color:#222222;background-color:transparent;font-weight:400;font-style:normal;font-variant:normal;text-decoration:none;vertical-align:baseline;white-space:pre-wrap;white-space:pre-wrap\"> Quant aux \u00c9claireurs, ils organisent leur 34\u00e8 Festival International des Films d\u2019Offagne (le FIFO). On leur souhaite quelques jours de soleil avant camp pour s\u00e9cher la prairie sinon le tapis rouge ressemblera vite \u00e0 une piste de savon noir.<\/span><\/p>\n<p dir=\"ltr\" style=\"line-height:1.38;margin-left:47pt;margin-top:12pt;margin-bottom:12pt;padding:0pt 0pt 0pt 18pt\"><span style=\"font-size:12pt;font-family:Arial,sans-serif;color:#222222;background-color:transparent;font-weight:400;font-style:normal;font-variant:normal;text-decoration:none;vertical-align:baseline;white-space:pre-wrap;white-space:pre-wrap\">Les prix des camps vous ont \u00e9t\u00e9 renseign\u00e9s dans les dossiers de camp de chaque section. Dans le cas o\u00f9 ce prix s&#39;av\u00e8re \u00eatre un frein, vous pouvez toujours nous contacter pour trouver une solution : (<a href=\"mailto:unite34bw@gmail.com\" target=\"_blank\"><a href=\"mailto:unite34bw@gmail.com\" >unite34bw@gmail.com<\/a><\/a>)<\/span><span style=\"font-size:12pt;font-family:Arial,sans-serif;color:#222222;background-color:transparent;font-weight:400;font-style:normal;font-variant:normal;text-decoration:none;vertical-align:baseline;white-space:pre-wrap;white-space:pre-wrap\"><br \/><\/span><span style=\"font-size:12pt;font-family:Arial,sans-serif;color:#222222;background-color:transparent;font-weight:400;font-style:normal;font-variant:normal;text-decoration:none;vertical-align:baseline;white-space:pre-wrap;white-space:pre-wrap\"> Pour rappel :<\/span><span style=\"font-size:12pt;font-family:Arial,sans-serif;color:#222222;background-color:transparent;font-weight:400;font-style:normal;font-variant:normal;text-decoration:none;vertical-align:baseline;white-space:pre-wrap;white-space:pre-wrap\"><br \/><\/span><span style=\"font-size:12pt;font-family:Arial,sans-serif;color:#222222;background-color:transparent;font-weight:400;font-style:normal;font-variant:normal;text-decoration:none;vertical-align:baseline;white-space:pre-wrap;white-space:pre-wrap\"> &#8211; Les enfants de moins de 14 ans recevront une attestation fiscale de paiement du camp en mai 2025.<\/span><span style=\"font-size:12pt;font-family:Arial,sans-serif;color:#222222;background-color:transparent;font-weight:400;font-style:normal;font-variant:normal;text-decoration:none;vertical-align:baseline;white-space:pre-wrap;white-space:pre-wrap\"><br \/><\/span><span style=\"font-size:12pt;font-family:Arial,sans-serif;color:#222222;background-color:transparent;font-weight:400;font-style:normal;font-variant:normal;text-decoration:none;vertical-align:baseline;white-space:pre-wrap;white-space:pre-wrap\"> &#8211; Vous pouvez obtenir des aides selon votre mutuelle et votre employeur : renseignez-vous aupr\u00e8s d&#39;eux. Nous enverrons \u00e0 tous les participants une attestation de participation au camp dans le courant du mois d&#39;ao\u00fbt 2024<\/span><\/p>\n<p dir=\"ltr\" style=\"line-height:1.38;margin-top:12pt;margin-bottom:12pt\"><span style=\"font-size:12pt;font-family:Arial,sans-serif;color:#222222;background-color:transparent;font-weight:700;font-style:normal;font-variant:normal;text-decoration:underline;vertical-align:baseline;white-space:pre-wrap;white-space:pre-wrap\">Inscriptions &#8211; r\u00e9inscriptions<\/span><\/p>\n<p dir=\"ltr\" style=\"line-height:1.38;margin-left:47pt;margin-top:12pt;margin-bottom:12pt;padding:0pt 0pt 0pt 18pt\"><span style=\"font-size:6.999999999999999pt;font-family:&#39;Times New Roman&#39;,serif;color:#222222;background-color:transparent;font-weight:400;font-style:normal;font-variant:normal;text-decoration:none;vertical-align:baseline;white-space:pre-wrap;white-space:pre-wrap\"> <\/span><span style=\"font-size:12pt;font-family:Arial,sans-serif;color:#222222;background-color:transparent;font-weight:400;font-style:normal;font-variant:normal;text-decoration:none;vertical-align:baseline;white-space:pre-wrap;white-space:pre-wrap\">Les <\/span><span style=\"font-size:12pt;font-family:Arial,sans-serif;color:#222222;background-color:transparent;font-weight:700;font-style:normal;font-variant:normal;text-decoration:none;vertical-align:baseline;white-space:pre-wrap;white-space:pre-wrap\">inscriptions<\/span><span style=\"font-size:12pt;font-family:Arial,sans-serif;color:#222222;background-color:transparent;font-weight:400;font-style:normal;font-variant:normal;text-decoration:none;vertical-align:baseline;white-space:pre-wrap;white-space:pre-wrap\"> sont ouvertes depuis la mi-mai :<\/span><span style=\"font-size:12pt;font-family:Arial,sans-serif;color:#222222;background-color:transparent;font-weight:400;font-style:normal;font-variant:normal;text-decoration:none;vertical-align:baseline;white-space:pre-wrap;white-space:pre-wrap\"><br \/><\/span><span style=\"font-size:12pt;font-family:Arial,sans-serif;color:#222222;background-color:transparent;font-weight:400;font-style:normal;font-variant:normal;text-decoration:none;vertical-align:baseline;white-space:pre-wrap;white-space:pre-wrap\"> &#8211; Vos enfants sont automatiquement r\u00e9inscrits mais nous vous demandons de nous le confirmer en suivant le lien :<\/span><a href=\"https:\/\/docs.google.com\/forms\/d\/e\/1FAIpQLSd1s7HMDYKUbWqGCzZhFLVgA-p9x6yi1vaNu3t1zS-ofaqlqA\/viewform?usp=sf_link\" style=\"text-decoration:none\" target=\"_blank\"><span style=\"font-size:12pt;font-family:Arial,sans-serif;color:#222222;background-color:transparent;font-weight:400;font-style:normal;font-variant:normal;text-decoration:none;vertical-align:baseline;white-space:pre-wrap;white-space:pre-wrap\"> <\/span><span style=\"font-size:12pt;font-family:Arial,sans-serif;color:#1155cc;background-color:transparent;font-weight:400;font-style:normal;font-variant:normal;text-decoration:underline;vertical-align:baseline;white-space:pre-wrap;white-space:pre-wrap\">formulaire de r\u00e9inscription<\/span><\/a><span style=\"font-size:12pt;font-family:Arial,sans-serif;color:#222222;background-color:transparent;font-weight:400;font-style:normal;font-variant:normal;text-decoration:none;vertical-align:baseline;white-space:pre-wrap;white-space:pre-wrap\">. Ceci nous permettra d&#39;accueillir de nouveaux inscrits d\u00e8s le d\u00e9but d&#39;ann\u00e9e si votre enfant d\u00e9cide d\u2019arr\u00eater l\u2019aventure \u00e0 la 34BW.<\/span><span style=\"font-size:12pt;font-family:Arial,sans-serif;color:#222222;background-color:transparent;font-weight:400;font-style:normal;font-variant:normal;text-decoration:none;vertical-align:baseline;white-space:pre-wrap;white-space:pre-wrap\"><br \/><\/span><span style=\"font-size:12pt;font-family:Arial,sans-serif;color:#222222;background-color:transparent;font-weight:400;font-style:normal;font-variant:normal;text-decoration:none;vertical-align:baseline;white-space:pre-wrap;white-space:pre-wrap\"> &#8211; ATTENTION : si vous avez de nouveaux enfants \u00e0 inscrire (fr\u00e8res ou s\u0153urs), il est n\u00e9cessaire de passer par le formulaire d&#39;inscription disponible<\/span><a href=\"https:\/\/34bw.be\/?page_id=1304\" style=\"text-decoration:none\" target=\"_blank\"><span style=\"font-size:12pt;font-family:Arial,sans-serif;color:#222222;background-color:transparent;font-weight:400;font-style:normal;font-variant:normal;text-decoration:none;vertical-align:baseline;white-space:pre-wrap;white-space:pre-wrap\"> <\/span><span style=\"font-size:12pt;font-family:Arial,sans-serif;color:#1155cc;background-color:transparent;font-weight:400;font-style:normal;font-variant:normal;text-decoration:underline;vertical-align:baseline;white-space:pre-wrap;white-space:pre-wrap\">sur notre site<\/span><\/a><span style=\"font-size:12pt;font-family:Arial,sans-serif;color:#222222;background-color:transparent;font-weight:400;font-style:normal;font-variant:normal;text-decoration:none;vertical-align:baseline;white-space:pre-wrap;white-space:pre-wrap\"> avant le 31 juillet. Apr\u00e8s cette date, la priorit\u00e9 est perdue au profit de l&#39;ordre chronologique d&#39;inscription<\/span><span style=\"font-size:12pt;font-family:Arial,sans-serif;color:#222222;background-color:transparent;font-weight:400;font-style:normal;font-variant:normal;text-decoration:none;vertical-align:baseline;white-space:pre-wrap;white-space:pre-wrap\"><br \/><\/span><span style=\"font-size:12pt;font-family:Arial,sans-serif;color:#222222;background-color:transparent;font-weight:400;font-style:normal;font-variant:normal;text-decoration:none;vertical-align:baseline;white-space:pre-wrap;white-space:pre-wrap\"> Il y a chaque ann\u00e9e une longue liste d&#39;attente, ne ratez donc pas cette \u00e9ch\u00e9ance.<\/span><\/p>\n<p dir=\"ltr\" style=\"line-height:1.38;margin-top:12pt;margin-bottom:12pt\"><span style=\"font-size:12pt;font-family:Arial,sans-serif;color:#222222;background-color:transparent;font-weight:700;font-style:normal;font-variant:normal;text-decoration:underline;vertical-align:baseline;white-space:pre-wrap;white-space:pre-wrap\">Locaux<\/span><\/p>\n<p dir=\"ltr\" style=\"line-height:1.38;margin-top:12pt;margin-bottom:12pt\"><span style=\"font-size:12pt;font-family:Arial,sans-serif;color:#222222;background-color:transparent;font-weight:400;font-style:normal;font-variant:normal;text-decoration:none;vertical-align:baseline;white-space:pre-wrap;white-space:pre-wrap\">Ca y est ! Cette fois-ci les nouvelles sont bonnes et d\u00e9finitives. Apr\u00e8s plus de 10 ans de recherches de solution pour nos locaux qui font grise mine, la commune a r\u00e9pondu \u00e0 notre appel.\u00a0<\/span><\/p>\n<p dir=\"ltr\" style=\"line-height:1.38;margin-top:12pt;margin-bottom:12pt\"><span style=\"font-size:12pt;font-family:Arial,sans-serif;color:#222222;background-color:transparent;font-weight:400;font-style:normal;font-variant:normal;text-decoration:none;vertical-align:baseline;white-space:pre-wrap;white-space:pre-wrap\">A partir du 1er juillet, le centre de gravit\u00e9 de la 34BW se d\u00e9placera de 1200 m\u00e8tres vers le sud.<\/span><\/p>\n<p dir=\"ltr\" style=\"line-height:1.38;margin-top:12pt;margin-bottom:12pt\"><span style=\"font-size:12pt;font-family:Arial,sans-serif;color:#222222;background-color:transparent;font-weight:400;font-style:normal;font-variant:normal;text-decoration:none;vertical-align:baseline;white-space:pre-wrap;white-space:pre-wrap\"><span style=\"border:none;display:inline-block;overflow:hidden;width:306px;height:374px\"><img loading=\"lazy\" decoding=\"async\" src=\"https:\/\/34bw.be\/wp-content\/uploads\/2024\/06\/image_1.png\" width=\"306\" height=\"374\" style=\"margin-left:0px;margin-top:0px\"><\/span><\/span><\/p>\n<p dir=\"ltr\" style=\"line-height:1.38;margin-top:12pt;margin-bottom:12pt\"><span style=\"font-size:12pt;font-family:Arial,sans-serif;color:#222222;background-color:transparent;font-weight:400;font-style:normal;font-variant:normal;text-decoration:none;vertical-align:baseline;white-space:pre-wrap;white-space:pre-wrap\">A cette date, la commune met \u00e0 notre disposition les anciennes installations du terrain de foot de Houtain-le-Val puisque les derniers occupants rejoignent les nouvelles installations de Genappe. Les lieux permettront de d\u00e9poser et r\u00e9cup\u00e9rer vos enfants dans un cadre plus s\u00e9curis\u00e9, les anim\u00e9s seront tr\u00e8s rapidement dans la nature et sur des chemins moins fr\u00e9quent\u00e9s, l\u2019ancien terrain de foot permettra des jeux et animations pr\u00e8s de locaux, nous pourrons vous accueillir pour un petit verre apr\u00e8s les r\u00e9unions,&#8230;.<\/span><\/p>\n<p dir=\"ltr\" style=\"line-height:1.38;margin-top:12pt;margin-bottom:12pt\"><span style=\"font-size:12pt;font-family:Arial,sans-serif;color:#222222;background-color:transparent;font-weight:400;font-style:normal;font-variant:normal;text-decoration:none;vertical-align:baseline;white-space:pre-wrap;white-space:pre-wrap\">Nous vous communiquerons plus d\u2019informations d\u2019ici la rentr\u00e9e de septembre, car certains am\u00e9nagements sont n\u00e9cessaires pour accueillir toutes les sections. Le d\u00e9m\u00e9nagement et d\u00e9montage des anciens locaux demandera aussi des ressources. Votre aide sera pr\u00e9cieuse et nous organiserons des we travaux pour y parvenir.<\/span><\/p>\n<p dir=\"ltr\" style=\"line-height:1.38;margin-top:12pt;margin-bottom:12pt\"><span style=\"font-size:12pt;font-family:Arial,sans-serif;color:#222222;background-color:transparent;font-weight:400;font-style:normal;font-variant:normal;text-decoration:none;vertical-align:baseline;white-space:pre-wrap;white-space:pre-wrap\">Bref, pas mal de choses en perspectives et des choses \u00e0 r\u00e9inventer. Une ann\u00e9e de d\u00e9fis.\u00a0<\/span><\/p>\n<p dir=\"ltr\" style=\"line-height:1.38;margin-top:12pt;margin-bottom:12pt\"><span style=\"font-size:12pt;font-family:Arial,sans-serif;color:#222222;background-color:transparent;font-weight:700;font-style:normal;font-variant:normal;text-decoration:underline;vertical-align:baseline;white-space:pre-wrap;white-space:pre-wrap\">Animation et engagement.<\/span><\/p>\n<p dir=\"ltr\" style=\"line-height:1.38;margin-left:47pt;margin-top:12pt;margin-bottom:12pt;padding:0pt 0pt 0pt 18pt\"><span style=\"font-size:12pt;font-family:Arial,sans-serif;color:#222222;background-color:transparent;font-weight:400;font-style:normal;font-variant:normal;text-decoration:none;vertical-align:baseline;white-space:pre-wrap;white-space:pre-wrap\">Nous tenions cette ann\u00e9e \u00e9galement \u00e0 mettre en lumi\u00e8re un moment important que chaque section va vivre pendant le camp : <\/span><span style=\"font-size:12pt;font-family:Arial,sans-serif;color:#222222;background-color:transparent;font-weight:700;font-style:normal;font-variant:normal;text-decoration:none;vertical-align:baseline;white-space:pre-wrap;white-space:pre-wrap\">la promesse.<\/span><span style=\"font-size:12pt;font-family:Arial,sans-serif;color:#222222;background-color:transparent;font-weight:700;font-style:normal;font-variant:normal;text-decoration:none;vertical-align:baseline;white-space:pre-wrap;white-space:pre-wrap\"><br \/><\/span><span style=\"font-size:12pt;font-family:Arial,sans-serif;color:#222222;background-color:transparent;font-weight:400;font-style:normal;font-variant:normal;text-decoration:none;vertical-align:baseline;white-space:pre-wrap;white-space:pre-wrap\"> Vous vous souvenez certainement de la chanson de la promesse.<\/span><span style=\"font-size:12pt;font-family:Arial,sans-serif;color:#222222;background-color:transparent;font-weight:400;font-style:normal;font-variant:normal;text-decoration:none;vertical-align:baseline;white-space:pre-wrap;white-space:pre-wrap\"><br \/><\/span><span style=\"font-size:12pt;font-family:Arial,sans-serif;color:#222222;background-color:transparent;font-weight:400;font-style:normal;font-variant:normal;text-decoration:none;vertical-align:baseline;white-space:pre-wrap;white-space:pre-wrap\"> Ce chant a \u00e9t\u00e9 revisit\u00e9 encore cette ann\u00e9e pour mieux coller aux r\u00e9alit\u00e9s du mouvement scout. Mais une phrase importante reste \u00e0 travers le temps : <\/span><span style=\"font-size:12pt;font-family:Arial,sans-serif;color:#222222;background-color:transparent;font-weight:400;font-style:italic;font-variant:normal;text-decoration:none;vertical-align:baseline;white-space:pre-wrap;white-space:pre-wrap\">\u00ab Devant vous, je m\u2019engage\u2026. \u00bb<\/span><\/p>\n<p dir=\"ltr\" style=\"line-height:1.38;margin-left:47pt;margin-top:12pt;margin-bottom:12pt;padding:0pt 0pt 0pt 18pt\"><span style=\"font-size:12pt;font-family:Arial,sans-serif;color:#222222;background-color:transparent;font-weight:400;font-style:normal;font-variant:normal;text-decoration:none;vertical-align:baseline;white-space:pre-wrap;white-space:pre-wrap\">Ces quelques mots sont importants. Dans nos vies, il nous arrive fr\u00e9quemment de devoir mettre en gage un bien mat\u00e9riel, pour obtenir un pr\u00eat, pour gagner la confiance ou l\u2019aide de quelqu\u2019un et \u00e9tablir une r\u00e9ciprocit\u00e9 de confiance. Mais ce qui est mis en gage ici, c\u2019est la personne. <\/span><span style=\"font-size:12pt;font-family:Arial,sans-serif;color:#222222;background-color:transparent;font-weight:400;font-style:italic;font-variant:normal;text-decoration:none;vertical-align:baseline;white-space:pre-wrap;white-space:pre-wrap\">Je m\u2019engage, je me mets en gage<\/span><span style=\"font-size:12pt;font-family:Arial,sans-serif;color:#222222;background-color:transparent;font-weight:400;font-style:normal;font-variant:normal;text-decoration:none;vertical-align:baseline;white-space:pre-wrap;white-space:pre-wrap\">. Pas pour obtenir un bien, mais en promesse d\u2019\u0153uvrer pour des valeurs communes, celles identifi\u00e9es par le mouvement des scouts. C\u2019est \u0153uvrer pour arriver \u00e0 vivre ensemble, avec des id\u00e9es parfois diff\u00e9rentes, mais pointer ce qui nous rassemble pour d\u00e9fendre ces valeurs.<\/span><\/p>\n<p dir=\"ltr\" style=\"line-height:1.38;margin-left:47pt;margin-top:12pt;margin-bottom:12pt;padding:0pt 0pt 0pt 18pt\"><span style=\"font-size:6.999999999999999pt;font-family:&#39;Times New Roman&#39;,serif;color:#222222;background-color:transparent;font-weight:400;font-style:normal;font-variant:normal;text-decoration:none;vertical-align:baseline;white-space:pre-wrap;white-space:pre-wrap\"> <\/span><span style=\"font-size:12pt;font-family:Arial,sans-serif;color:#222222;background-color:transparent;font-weight:400;font-style:normal;font-variant:normal;text-decoration:none;vertical-align:baseline;white-space:pre-wrap;white-space:pre-wrap\">A l\u2019\u00e9chelle des anim\u00e9s, c\u2019est un moment important car si la promesse n\u2019est pas respect\u00e9e, l\u2019enjeu est moral. Ils en sont conscients, d\u00e8s le plus jeune \u00e2ge et ils le font avec beaucoup de s\u00e9rieux.<\/span><\/p>\n<p dir=\"ltr\" style=\"line-height:1.38;margin-left:47pt;margin-top:12pt;margin-bottom:12pt\"><span style=\"font-size:12pt;font-family:Arial,sans-serif;color:#222222;background-color:transparent;font-weight:400;font-style:normal;font-variant:normal;text-decoration:none;vertical-align:baseline;white-space:pre-wrap;white-space:pre-wrap\">Plus pr\u00e9cis\u00e9ment, chaque ann\u00e9e certains poursuivent leur engagement de mani\u00e8re forte. Nous pensons \u00e0 nos animateurs qui consacrent un temps tr\u00e8s important \u00e0 l&#39;animation des samedis, mais aussi pour le temps pass\u00e9 dans les pr\u00e9parations des jeux, les diverses r\u00e9unions en soir\u00e9e (conseils d&#39;unit\u00e9), les formations (T1-T2-T3), les week-end d&#39;unit\u00e9 et week-end de formation (TU). Bref, au-del\u00e0 du temps visible par vous, parents d&#39;anim\u00e9s, c&#39;est un engagement solide qui permet d&#39;apporter de la qualit\u00e9 et des valeurs \u00e0 l&#39;animation.<\/span><\/p>\n<p dir=\"ltr\" style=\"line-height:1.38;margin-left:47pt;margin-top:12pt;margin-bottom:12pt\"><span style=\"font-size:12pt;font-family:Arial,sans-serif;color:#222222;background-color:transparent;font-weight:400;font-style:normal;font-variant:normal;text-decoration:none;vertical-align:baseline;white-space:pre-wrap;white-space:pre-wrap\">Ce temps, ils pourraient le garder pour eux, mais ils d\u00e9cident de l\u2019offrir \u00e0 vos enfants, dans cet engagement scout, pour le village et ses alentours.<\/span><\/p>\n<p dir=\"ltr\" style=\"line-height:1.38;margin-left:47pt;margin-top:12pt;margin-bottom:12pt\"><span style=\"font-size:12pt;font-family:Arial,sans-serif;color:#222222;background-color:transparent;font-weight:400;font-style:normal;font-variant:normal;text-decoration:none;vertical-align:baseline;white-space:pre-wrap;white-space:pre-wrap\">Et nous, comment continuons-nous notre engagement scout au quotidien, pour ces valeurs communes qui nous lient les uns aux autres ?<\/span><\/p>\n<p dir=\"ltr\" style=\"line-height:1.38;margin-left:47pt;margin-top:12pt;margin-bottom:12pt\"><span style=\"font-size:12pt;font-family:Arial,sans-serif;color:#222222;background-color:transparent;font-weight:400;font-style:italic;font-variant:normal;text-decoration:none;vertical-align:baseline;white-space:pre-wrap;white-space:pre-wrap\">(si vous cherchez des id\u00e9es, on cherche de la rel\u00e8ve pour le staff d\u2019unit\u00e9, pour accompagner l\u2019\u00e9quipe en place et pour faire une transition douce)<\/span><\/p>\n<p dir=\"ltr\" style=\"line-height:1.38;margin-top:12pt;margin-bottom:0pt\"><span style=\"font-size:12pt;font-family:Arial,sans-serif;color:#222222;background-color:transparent;font-weight:400;font-style:normal;font-variant:normal;text-decoration:none;vertical-align:baseline;white-space:pre-wrap;white-space:pre-wrap\">Nous restons \u00e0 votre disposition pour r\u00e9pondre \u00e0 toutes vos questions\u00a0<\/span><\/p>\n<p dir=\"ltr\" style=\"line-height:1.38;margin-top:12pt;margin-bottom:0pt\"><span style=\"background-color:transparent;font-family:Arial,sans-serif;font-size:12pt\">Pour l&#39;Unit\u00e9<\/span><\/p>\n<p dir=\"ltr\" style=\"line-height:1.38;margin-top:12pt;margin-bottom:0pt\"><span style=\"font-size:12pt;font-family:Arial,sans-serif;color:#222222;background-color:transparent;font-weight:400;font-style:normal;font-variant:normal;text-decoration:none;vertical-align:baseline;white-space:pre-wrap;white-space:pre-wrap\">Harfang<\/span><\/p>\n<\/div>\n","protected":false},"excerpt":{"rendered":"<p>Bonjour \u00e0 tous, L&#39;ann\u00e9e scoute se termine peu \u00e0 peu, voici quelques points importants pour la pr\u00e9paration de la fin d&#39;ann\u00e9e scoute et l&#39;arriv\u00e9e des camps : Camps Vous avez normalement re\u00e7u l&#39;ensemble des dossiers de camp avec les informations n\u00e9cessaires \u00e0 leur bonne pr\u00e9paration. Pendant que les baladins d\u00e9couvriront l\u2019univers circassien \u00e0 Scry, les louveteaux navigueront vers des nouveaux mondes sur leurs drakkars. Embarquement pr\u00e9vu \u00e0 Cul-des-Sarts. Les Pionniers, en plus petit groupe, useront d\u2019un moyen de locomotion plus moderne puisqu\u2019ils partent \u00e0 la d\u00e9couverte de la France et l\u2019Espagne en van. Quant aux \u00c9claireurs, ils organisent leur 34\u00e8 Festival International des Films d\u2019Offagne (le FIFO). On leur souhaite quelques jours de soleil avant camp pour s\u00e9cher la prairie sinon le tapis rouge ressemblera vite \u00e0 une piste de savon noir. Les prix des camps vous ont \u00e9t\u00e9 renseign\u00e9s dans les dossiers de camp de chaque section. Dans le cas o\u00f9 ce prix s&#39;av\u00e8re \u00eatre un frein, vous pouvez toujours nous contacter pour trouver une solution : (unite34bw@gmail.com) Pour rappel : &#8211; Les enfants de moins de 14 ans recevront une attestation fiscale de paiement du camp en mai 2025. &#8211; Vous pouvez obtenir des aides selon votre mutuelle et votre employeur : renseignez-vous aupr\u00e8s d&#39;eux. Nous enverrons \u00e0 tous les participants une attestation de participation au camp dans le courant du mois d&#39;ao\u00fbt 2024 Inscriptions &#8211; r\u00e9inscriptions Les inscriptions sont ouvertes depuis la mi-mai : &#8211; Vos enfants sont automatiquement r\u00e9inscrits mais nous vous demandons de nous le confirmer en suivant le lien : formulaire de r\u00e9inscription. Ceci nous permettra d&#39;accueillir de nouveaux inscrits d\u00e8s le d\u00e9but d&#39;ann\u00e9e si votre enfant d\u00e9cide d\u2019arr\u00eater l\u2019aventure \u00e0 la 34BW. &#8211; ATTENTION : si vous avez de nouveaux enfants \u00e0 inscrire (fr\u00e8res ou s\u0153urs), il est n\u00e9cessaire de passer par le formulaire d&#39;inscription disponible sur notre site avant le 31 juillet. Apr\u00e8s cette date, la priorit\u00e9 est perdue au profit de l&#39;ordre chronologique d&#39;inscription Il y a chaque ann\u00e9e une longue liste d&#39;attente, ne ratez donc pas cette \u00e9ch\u00e9ance. Locaux Ca y est ! Cette fois-ci les nouvelles sont bonnes et d\u00e9finitives. Apr\u00e8s plus de 10 ans de recherches de solution pour nos locaux qui font grise mine, la commune a r\u00e9pondu \u00e0 notre appel.\u00a0 A partir du 1er juillet, le centre de gravit\u00e9 de la 34BW se d\u00e9placera de 1200 m\u00e8tres vers le sud. A cette date, la commune met \u00e0 notre disposition les anciennes installations du terrain de foot de Houtain-le-Val puisque les derniers occupants rejoignent les nouvelles installations de Genappe. Les lieux permettront de d\u00e9poser et r\u00e9cup\u00e9rer vos enfants dans un cadre plus s\u00e9curis\u00e9, les anim\u00e9s seront tr\u00e8s rapidement dans la nature et sur des chemins moins fr\u00e9quent\u00e9s, l\u2019ancien terrain de foot permettra des jeux et animations pr\u00e8s de locaux, nous pourrons vous accueillir pour un petit verre apr\u00e8s les r\u00e9unions,&#8230;. Nous vous communiquerons plus d\u2019informations d\u2019ici la rentr\u00e9e de septembre, car certains am\u00e9nagements sont n\u00e9cessaires pour accueillir toutes les sections. Le d\u00e9m\u00e9nagement et d\u00e9montage des anciens locaux demandera aussi des ressources. Votre aide sera pr\u00e9cieuse et nous organiserons des we travaux pour y parvenir. Bref, pas mal de choses en perspectives et des choses \u00e0 r\u00e9inventer. Une ann\u00e9e de d\u00e9fis.\u00a0 Animation et engagement. Nous tenions cette ann\u00e9e \u00e9galement \u00e0 mettre en lumi\u00e8re un moment important que chaque section va vivre pendant le camp : la promesse. Vous vous souvenez certainement de la chanson de la promesse. Ce chant a \u00e9t\u00e9 revisit\u00e9 encore cette ann\u00e9e pour mieux coller aux r\u00e9alit\u00e9s du mouvement scout. Mais une phrase importante reste \u00e0 travers le temps : \u00ab Devant vous, je m\u2019engage\u2026. \u00bb Ces quelques mots sont importants. Dans nos vies, il nous arrive fr\u00e9quemment de devoir mettre en gage un bien mat\u00e9riel, pour obtenir un pr\u00eat, pour gagner la confiance ou l\u2019aide de quelqu\u2019un et \u00e9tablir une r\u00e9ciprocit\u00e9 de confiance. Mais ce qui est mis en gage ici, c\u2019est la personne. Je m\u2019engage, je me mets en gage. Pas pour obtenir un bien, mais en promesse d\u2019\u0153uvrer pour des valeurs communes, celles identifi\u00e9es par le mouvement des scouts. C\u2019est \u0153uvrer pour arriver \u00e0 vivre ensemble, avec des id\u00e9es parfois diff\u00e9rentes, mais pointer ce qui nous rassemble pour d\u00e9fendre ces valeurs. A l\u2019\u00e9chelle des anim\u00e9s, c\u2019est un moment important car si la promesse n\u2019est pas respect\u00e9e, l\u2019enjeu est moral. Ils en sont conscients, d\u00e8s le plus jeune \u00e2ge et ils le font avec beaucoup de s\u00e9rieux. Plus pr\u00e9cis\u00e9ment, chaque ann\u00e9e certains poursuivent leur engagement de mani\u00e8re forte. Nous pensons \u00e0 nos animateurs qui consacrent un temps tr\u00e8s important \u00e0 l&#39;animation des samedis, mais aussi pour le temps pass\u00e9 dans les pr\u00e9parations des jeux, les diverses r\u00e9unions en soir\u00e9e (conseils d&#39;unit\u00e9), les formations (T1-T2-T3), les week-end d&#39;unit\u00e9 et week-end de formation (TU). Bref, au-del\u00e0 du temps visible par vous, parents d&#39;anim\u00e9s, c&#39;est un engagement solide qui permet d&#39;apporter de la qualit\u00e9 et des valeurs \u00e0 l&#39;animation. Ce temps, ils pourraient le garder pour eux, mais ils d\u00e9cident de l\u2019offrir \u00e0 vos enfants, dans cet engagement scout, pour le village et ses alentours. Et nous, comment continuons-nous notre engagement scout au quotidien, pour ces valeurs communes qui nous lient les uns aux autres ? (si vous cherchez des id\u00e9es, on cherche de la rel\u00e8ve pour le staff d\u2019unit\u00e9, pour accompagner l\u2019\u00e9quipe en place et pour faire une transition douce) Nous restons \u00e0 votre disposition pour r\u00e9pondre \u00e0 toutes vos questions\u00a0 Pour l&#39;Unit\u00e9 Harfang<\/p>\n","protected":false},"author":8,"featured_media":0,"comment_status":"open","ping_status":"open","sticky":false,"template":"","format":"standard","meta":{"_jetpack_memberships_contains_paid_content":false,"footnotes":"","jetpack_publicize_message":"","jetpack_publicize_feature_enabled":true,"jetpack_social_post_already_shared":true,"jetpack_social_options":{"image_generator_settings":{"template":"highway","default_image_id":0,"font":"","enabled":false},"version":2}},"categories":[10],"tags":[],"post_folder":[],"class_list":["post-1960","post","type-post","status-publish","format-standard","hentry","category-global","content-layout-full"],"jetpack_publicize_connections":[],"jetpack_featured_media_url":"","jetpack_sharing_enabled":true,"jetpack_shortlink":"https:\/\/wp.me\/p6EvnD-vC","_links":{"self":[{"href":"https:\/\/www.34bw.be\/index.php?rest_route=\/wp\/v2\/posts\/1960","targetHints":{"allow":["GET"]}}],"collection":[{"href":"https:\/\/www.34bw.be\/index.php?rest_route=\/wp\/v2\/posts"}],"about":[{"href":"https:\/\/www.34bw.be\/index.php?rest_route=\/wp\/v2\/types\/post"}],"author":[{"embeddable":true,"href":"https:\/\/www.34bw.be\/index.php?rest_route=\/wp\/v2\/users\/8"}],"replies":[{"embeddable":true,"href":"https:\/\/www.34bw.be\/index.php?rest_route=%2Fwp%2Fv2%2Fcomments&post=1960"}],"version-history":[{"count":0,"href":"https:\/\/www.34bw.be\/index.php?rest_route=\/wp\/v2\/posts\/1960\/revisions"}],"wp:attachment":[{"href":"https:\/\/www.34bw.be\/index.php?rest_route=%2Fwp%2Fv2%2Fmedia&parent=1960"}],"wp:term":[{"taxonomy":"category","embeddable":true,"href":"https:\/\/www.34bw.be\/index.php?rest_route=%2Fwp%2Fv2%2Fcategories&post=1960"},{"taxonomy":"post_tag","embeddable":true,"href":"https:\/\/www.34bw.be\/index.php?rest_route=%2Fwp%2Fv2%2Ftags&post=1960"},{"taxonomy":"post_folder","embeddable":true,"href":"https:\/\/www.34bw.be\/index.php?rest_route=%2Fwp%2Fv2%2Fpost_folder&post=1960"}],"curies":[{"name":"wp","href":"https:\/\/api.w.org\/{rel}","templated":true}]}}