


{"id":1935,"date":"2023-10-15T18:29:22","date_gmt":"2023-10-15T18:29:22","guid":{"rendered":"https:\/\/34bw.be\/?p=1935"},"modified":"2023-10-15T19:40:08","modified_gmt":"2023-10-15T18:40:08","slug":"marche-adeps-a-vos-fourneaux","status":"publish","type":"post","link":"https:\/\/www.34bw.be\/?p=1935","title":{"rendered":"Marche Adeps &#8211; A vos fourneaux"},"content":{"rendered":"<div dir=\"ltr\">\n<p dir=\"ltr\" style=\"line-height:1.38;margin-top:0pt;margin-bottom:0pt\"><span style=\"font-size:11pt;font-family:Arial;color:rgb(0,0,0);background-color:transparent;font-variant-numeric:normal;font-variant-east-asian:normal;vertical-align:baseline\">Bonjour \u00e0 tous !<\/span><\/p>\n<p><\/p>\n<p dir=\"ltr\" style=\"line-height:1.38;margin-top:0pt;margin-bottom:0pt\"><span style=\"font-size:11pt;font-family:Arial;color:rgb(0,0,0);background-color:transparent;font-variant-numeric:normal;font-variant-east-asian:normal;vertical-align:baseline\">L&#39;ann\u00e9e a d\u00e9j\u00e0 bien commenc\u00e9 et nous avons le plaisir de vous convier, ce dimanche 22\/10 \u00e0 notre traditionnelle marche <span class=\"gmail-il\">ADEPS<\/span>. C&#39;est donc l&#39;occasion pour nous de vous rappeler de quelle fa\u00e7on vous pouvez nous donner un coup de main lors de celle-ci.<\/span><\/p>\n<p><\/p>\n<p dir=\"ltr\" style=\"line-height:1.38;margin-top:0pt;margin-bottom:0pt\"><span style=\"font-size:11pt;font-family:Arial;color:rgb(0,0,0);background-color:transparent;font-variant-numeric:normal;font-variant-east-asian:normal;vertical-align:baseline\">Comme chaque ann\u00e9e, nous sollicitons les cordons bleus pour confectionner tartes, cakes, soupes, etc qui seront mis en vente lors de l\u2019\u00e9v\u00e9nement. Pour une question d&#39;organisation, nous vous proposons d&#39;apporter ces douces victuailles le samedi 21\/10 entre 14 et 17 heures <\/span><span style=\"font-size:11pt;font-family:Arial;color:rgb(0,0,0);background-color:transparent;font-weight:700;font-variant-numeric:normal;font-variant-east-asian:normal;vertical-align:baseline\">au local<\/span><span style=\"font-size:11pt;font-family:Arial;color:rgb(0,0,0);background-color:transparent;font-variant-numeric:normal;font-variant-east-asian:normal;vertical-align:baseline\">, ou bien dimanche en d\u00e9but de matin\u00e9e \u00e0 la Hagoulle. Cette ann\u00e9e \u00e0 nouveau, nous avons la chance de vous donner rendez-vous \u00e0 la ferme de la Hagoulle. Adresse : <\/span><span style=\"font-size:11pt;font-family:Arial;color:rgb(0,0,0);background-color:transparent;font-weight:700;font-variant-numeric:normal;font-variant-east-asian:normal;vertical-align:baseline\">Rue de R\u00e8ves 38, 1476 Houtain-le-Val<\/span><span style=\"font-size:11pt;font-family:Arial;color:rgb(0,0,0);background-color:transparent;font-variant-numeric:normal;font-variant-east-asian:normal;vertical-align:baseline\">.\u00a0<\/span><\/p>\n<p dir=\"ltr\" style=\"line-height:1.38;margin-top:0pt;margin-bottom:0pt\"><span style=\"font-size:11pt;font-family:Arial;color:rgb(0,0,0);background-color:transparent;font-variant-numeric:normal;font-variant-east-asian:normal;vertical-align:baseline\">Vous pourrez ainsi profiter de leur petite restauration pour manger un burger dimanche midi. N\u2019h\u00e9sitez pas \u00e0 inviter vos proches et vos amis \u00e0 venir se promener avec vous ! (N\u2019h\u00e9sitez pas \u00e0 partager l&#39;\u00e9v\u00e9nement facebook !)<\/span><\/p>\n<p><\/p>\n<p dir=\"ltr\" style=\"line-height:1.38;margin-top:0pt;margin-bottom:0pt\"><span style=\"font-size:11pt;font-family:Arial;color:rgb(0,0,0);background-color:transparent;font-variant-numeric:normal;font-variant-east-asian:normal;vertical-align:baseline\">Pour faciliter l\u2019organisation de cette journ\u00e9e, pouvez-vous vous manifester par mail (<a href=\"mailto:unite34bw@gmail.com\" target=\"_blank\"><a href=\"mailto:unite34bw@gmail.com\" >unite34bw@gmail.com<\/a><\/a>) pour nous informer des mets d\u00e9licieux que vous apporterez.<\/span><\/p>\n<p><\/p>\n<p dir=\"ltr\" style=\"line-height:1.38;margin-top:0pt;margin-bottom:0pt\"><span style=\"font-size:11pt;font-family:Arial;color:rgb(0,0,0);background-color:transparent;font-variant-numeric:normal;font-variant-east-asian:normal;vertical-align:baseline\">Pour ce qui est de la marche, les premiers d\u00e9parts se feront vers 7h du matin pour les l\u00e8ve-t\u00f4t. Nous conseillons, pour chaque parcours, de partir au plus tard \u00e0\u00a0<\/span><\/p>\n<p><\/p>\n<p dir=\"ltr\" style=\"line-height:1.38;margin-top:0pt;margin-bottom:0pt\"><span style=\"font-size:11pt;font-family:Arial;color:rgb(0,0,0);background-color:transparent;font-variant-numeric:normal;font-variant-east-asian:normal;vertical-align:baseline\">15h00 pour le parcours 20 Km\u00a0<\/span><\/p>\n<p><\/p>\n<p dir=\"ltr\" style=\"line-height:1.38;margin-top:0pt;margin-bottom:0pt\"><span style=\"font-size:11pt;font-family:Arial;color:rgb(0,0,0);background-color:transparent;font-variant-numeric:normal;font-variant-east-asian:normal;vertical-align:baseline\">15h00 pour le parcours 15 Km<\/span><\/p>\n<p><\/p>\n<p dir=\"ltr\" style=\"line-height:1.38;margin-top:0pt;margin-bottom:0pt\"><span style=\"font-size:11pt;font-family:Arial;color:rgb(0,0,0);background-color:transparent;font-variant-numeric:normal;font-variant-east-asian:normal;vertical-align:baseline\">16h00 pour le parcours 10 Km\u00a0<\/span><\/p>\n<p><\/p>\n<p dir=\"ltr\" style=\"line-height:1.38;margin-top:0pt;margin-bottom:0pt\"><span style=\"font-size:11pt;font-family:Arial;color:rgb(0,0,0);background-color:transparent;font-variant-numeric:normal;font-variant-east-asian:normal;vertical-align:baseline\">16h00 pour le parcours 5 Km\u00a0<\/span><\/p>\n<p dir=\"ltr\" style=\"line-height:1.38;margin-top:0pt;margin-bottom:0pt\"><span style=\"font-size:11pt;font-family:Arial;color:rgb(0,0,0);background-color:transparent;font-variant-numeric:normal;font-variant-east-asian:normal;vertical-align:baseline\">Nous tenons d\u2019avance \u00e0 remercier les parents et les anim\u00e9s qui contribueront \u00e0 la r\u00e9ussite de cette journ\u00e9e !\u00a0<\/span><\/p>\n<p><\/p>\n<p dir=\"ltr\" style=\"line-height:1.38;margin-top:0pt;margin-bottom:0pt\"><span style=\"font-size:11pt;font-family:Arial;color:rgb(0,0,0);background-color:transparent;font-variant-numeric:normal;font-variant-east-asian:normal;vertical-align:baseline\">Pour rappel, aucune r\u00e9union n&#39;est donc organis\u00e9e ce samedi 21\/10 \u00e9tant donn\u00e9 que tous les chefs s&#39;attellent \u00e0 la pr\u00e9paration de la marche. Les anim\u00e9s (principalement scouts et pionniers) sont \u00e9galement sollicit\u00e9s pour venir nous donner un coup de main le dimanche, surtout en fin de journ\u00e9e pour le d\u00e9fl\u00e9chage (de 16h \u00e0 19h00)\u00a0 !<\/span><\/p>\n<p><\/p>\n<p dir=\"ltr\" style=\"line-height:1.38;margin-top:0pt;margin-bottom:0pt\"><span style=\"font-size:11pt;font-family:Arial;color:rgb(0,0,0);background-color:transparent;font-variant-numeric:normal;font-variant-east-asian:normal;vertical-align:baseline\">Au plaisir de vous y voir tr\u00e8s nombreux !<\/span><\/p>\n<p><\/p>\n<p dir=\"ltr\" style=\"line-height:1.38;margin-top:0pt;margin-bottom:0pt\"><span style=\"font-size:11pt;font-family:Arial;color:rgb(0,0,0);background-color:transparent;font-variant-numeric:normal;font-variant-east-asian:normal;vertical-align:baseline\">Le staff d\u2019unit\u00e9<\/span><\/p>\n<div>\n<div dir=\"ltr\" class=\"gmail_signature\" data-smartmail=\"gmail_signature\">\n<div dir=\"ltr\">\n<table style=\"font-family:&quot;Times New Roman&quot;\">\n<tbody>\n<tr>\n<td><img loading=\"lazy\" decoding=\"async\" src=\"https:\/\/34bw.be\/wp-content\/uploads\/2019\/03\/bleu-2.png\" width=\"75\" height=\"96\"><\/td>\n<td style=\"padding:20px;font-family:arial;font-size:13px;line-height:19.5px\"><span style=\"font-weight:bold\"><font color=\"#0b5394\">Unit\u00e9 34 BW<\/font><\/span><br \/><font color=\"#636363\">|\u00a0<\/font><a href=\"https:\/\/34bw.be\/\" style=\"color:rgb(99,99,99)\" target=\"_blank\">34bw.be<\/a><br \/><font color=\"#636363\">| <\/font><font color=\"#666666\">BE94 0688 9634 6614<\/font><br \/><font color=\"#636363\">|\u00a0<\/font><font color=\"#636363\"><a href=\"mailto:unite34bw@gmail.com\" target=\"_blank\"><a href=\"mailto:unite34bw@gmail.com\" >unite34bw@gmail.com<\/a><\/a><\/font><br \/><font color=\"#636363\">|\u00a0<\/font><font color=\"#636363\">rue de Namur, 1476 Houtain-le-Val<\/font><\/p>\n<\/td>\n<\/tr>\n<\/tbody>\n<\/table>\n<\/div>\n<\/div>\n<\/div>\n<\/div>\n","protected":false},"excerpt":{"rendered":"<p>Bonjour \u00e0 tous ! L&#39;ann\u00e9e a d\u00e9j\u00e0 bien commenc\u00e9 et nous avons le plaisir de vous convier, ce dimanche 22\/10 \u00e0 notre traditionnelle marche ADEPS. C&#39;est donc l&#39;occasion pour nous de vous rappeler de quelle fa\u00e7on vous pouvez nous donner un coup de main lors de celle-ci. Comme chaque ann\u00e9e, nous sollicitons les cordons bleus pour confectionner tartes, cakes, soupes, etc qui seront mis en vente lors de l\u2019\u00e9v\u00e9nement. Pour une question d&#39;organisation, nous vous proposons d&#39;apporter ces douces victuailles le samedi 21\/10 entre 14 et 17 heures au local, ou bien dimanche en d\u00e9but de matin\u00e9e \u00e0 la Hagoulle. Cette ann\u00e9e \u00e0 nouveau, nous avons la chance de vous donner rendez-vous \u00e0 la ferme de la Hagoulle. Adresse : Rue de R\u00e8ves 38, 1476 Houtain-le-Val.\u00a0 Vous pourrez ainsi profiter de leur petite restauration pour manger un burger dimanche midi. N\u2019h\u00e9sitez pas \u00e0 inviter vos proches et vos amis \u00e0 venir se promener avec vous ! (N\u2019h\u00e9sitez pas \u00e0 partager l&#39;\u00e9v\u00e9nement facebook !) Pour faciliter l\u2019organisation de cette journ\u00e9e, pouvez-vous vous manifester par mail (unite34bw@gmail.com) pour nous informer des mets d\u00e9licieux que vous apporterez. Pour ce qui est de la marche, les premiers d\u00e9parts se feront vers 7h du matin pour les l\u00e8ve-t\u00f4t. Nous conseillons, pour chaque parcours, de partir au plus tard \u00e0\u00a0 15h00 pour le parcours 20 Km\u00a0 15h00 pour le parcours 15 Km 16h00 pour le parcours 10 Km\u00a0 16h00 pour le parcours 5 Km\u00a0 Nous tenons d\u2019avance \u00e0 remercier les parents et les anim\u00e9s qui contribueront \u00e0 la r\u00e9ussite de cette journ\u00e9e !\u00a0 Pour rappel, aucune r\u00e9union n&#39;est donc organis\u00e9e ce samedi 21\/10 \u00e9tant donn\u00e9 que tous les chefs s&#39;attellent \u00e0 la pr\u00e9paration de la marche. Les anim\u00e9s (principalement scouts et pionniers) sont \u00e9galement sollicit\u00e9s pour venir nous donner un coup de main le dimanche, surtout en fin de journ\u00e9e pour le d\u00e9fl\u00e9chage (de 16h \u00e0 19h00)\u00a0 ! Au plaisir de vous y voir tr\u00e8s nombreux ! Le staff d\u2019unit\u00e9 Unit\u00e9 34 BW|\u00a034bw.be| BE94 0688 9634 6614|\u00a0unite34bw@gmail.com|\u00a0rue de Namur, 1476 Houtain-le-Val<\/p>\n","protected":false},"author":8,"featured_media":0,"comment_status":"open","ping_status":"open","sticky":false,"template":"","format":"standard","meta":{"_jetpack_memberships_contains_paid_content":false,"footnotes":"","jetpack_publicize_message":"","jetpack_publicize_feature_enabled":true,"jetpack_social_post_already_shared":true,"jetpack_social_options":{"image_generator_settings":{"template":"highway","default_image_id":0,"font":"","enabled":false},"version":2}},"categories":[10],"tags":[],"post_folder":[],"class_list":["post-1935","post","type-post","status-publish","format-standard","hentry","category-global","content-layout-full"],"jetpack_publicize_connections":[],"jetpack_featured_media_url":"","jetpack_sharing_enabled":true,"jetpack_shortlink":"https:\/\/wp.me\/p6EvnD-vd","_links":{"self":[{"href":"https:\/\/www.34bw.be\/index.php?rest_route=\/wp\/v2\/posts\/1935","targetHints":{"allow":["GET"]}}],"collection":[{"href":"https:\/\/www.34bw.be\/index.php?rest_route=\/wp\/v2\/posts"}],"about":[{"href":"https:\/\/www.34bw.be\/index.php?rest_route=\/wp\/v2\/types\/post"}],"author":[{"embeddable":true,"href":"https:\/\/www.34bw.be\/index.php?rest_route=\/wp\/v2\/users\/8"}],"replies":[{"embeddable":true,"href":"https:\/\/www.34bw.be\/index.php?rest_route=%2Fwp%2Fv2%2Fcomments&post=1935"}],"version-history":[{"count":0,"href":"https:\/\/www.34bw.be\/index.php?rest_route=\/wp\/v2\/posts\/1935\/revisions"}],"wp:attachment":[{"href":"https:\/\/www.34bw.be\/index.php?rest_route=%2Fwp%2Fv2%2Fmedia&parent=1935"}],"wp:term":[{"taxonomy":"category","embeddable":true,"href":"https:\/\/www.34bw.be\/index.php?rest_route=%2Fwp%2Fv2%2Fcategories&post=1935"},{"taxonomy":"post_tag","embeddable":true,"href":"https:\/\/www.34bw.be\/index.php?rest_route=%2Fwp%2Fv2%2Ftags&post=1935"},{"taxonomy":"post_folder","embeddable":true,"href":"https:\/\/www.34bw.be\/index.php?rest_route=%2Fwp%2Fv2%2Fpost_folder&post=1935"}],"curies":[{"name":"wp","href":"https:\/\/api.w.org\/{rel}","templated":true}]}}