


{"id":1736,"date":"2021-10-10T18:36:17","date_gmt":"2021-10-10T18:36:17","guid":{"rendered":"https:\/\/34bw.be\/?p=1736"},"modified":"2021-10-10T19:39:16","modified_gmt":"2021-10-10T18:39:16","slug":"marche-adeps","status":"publish","type":"post","link":"https:\/\/www.34bw.be\/?p=1736","title":{"rendered":"marche adeps"},"content":{"rendered":"<p>&lt;<\/p>\n<p>div dir=\u00a0\u00bbltr\u00a0\u00bb><\/p>\n<p>&lt;<\/p>\n<p>div dir=\u00a0\u00bbltr\u00a0\u00bb><span id=\"gmail-docs-internal-guid-8b9a2ee4-7fff-eb1b-576c-d78472be074e\"><\/p>\n<p dir=\"ltr\" style=\"line-height:1.38;margin-top:0pt;margin-bottom:0pt\"><span style=\"font-size:11pt;font-family:Arial;color:rgb(0,0,0);background-color:transparent;font-variant-numeric:normal;font-variant-east-asian:normal;vertical-align:baseline;white-space:pre-wrap\">Bonjour \u00e0 tous !<\/span><\/p>\n<p><\/p>\n<p dir=\"ltr\" style=\"line-height:1.38;margin-top:0pt;margin-bottom:0pt\"><span style=\"font-size:11pt;font-family:Arial;color:rgb(0,0,0);background-color:transparent;font-variant-numeric:normal;font-variant-east-asian:normal;vertical-align:baseline;white-space:pre-wrap\">L&#39;ann\u00e9e a d\u00e9j\u00e0 bien commenc\u00e9 et nous avons le plaisir de vous convier, ce dimanche 17\/10 \u00e0 notre traditionnelle marche ADEPS. C&#39;est donc l&#39;occasion pour nous de vous rappeler de quelle fa\u00e7on vous pouvez nous donner un coup de main lors de celle-ci.<\/span><\/p>\n<p><\/p>\n<p dir=\"ltr\" style=\"line-height:1.38;margin-top:0pt;margin-bottom:0pt\"><span style=\"font-size:11pt;font-family:Arial;color:rgb(0,0,0);background-color:transparent;font-variant-numeric:normal;font-variant-east-asian:normal;vertical-align:baseline;white-space:pre-wrap\">Comme chaque ann\u00e9e, nous sollicitons les cordons bleus pour confectionner tartes, cakes, soupes, etc qui seront mis en vente lors de l\u2019\u00e9v\u00e9nement. Pour une question d&#39;organisation, nous vous proposons d&#39;apporter ces douces victuailles le samedi 16\/10 entre 14 et 17 heures, ou bien dimanche en d\u00e9but de matin\u00e9e. Cette ann\u00e9e \u00e0 nouveau, nous avons la chance de vous donner rendez-vous \u00e0 la ferme de la Hagoulle. Adresse : Rue de R\u00e8ves 38, 1476 Houtain-le-Val.\u00a0<\/span><\/p>\n<p dir=\"ltr\" style=\"line-height:1.38;margin-top:0pt;margin-bottom:0pt\"><span style=\"font-size:11pt;font-family:Arial;color:rgb(0,0,0);background-color:transparent;font-variant-numeric:normal;font-variant-east-asian:normal;vertical-align:baseline;white-space:pre-wrap\">Vous pourrez ainsi profiter de leur petite restauration pour manger un burger ou un pain saucisse dimanche midi.<\/span><\/p>\n<p><\/p>\n<p dir=\"ltr\" style=\"line-height:1.38;margin-top:0pt;margin-bottom:0pt\"><span style=\"font-size:11pt;font-family:Arial;color:rgb(0,0,0);background-color:transparent;font-variant-numeric:normal;font-variant-east-asian:normal;vertical-align:baseline;white-space:pre-wrap\">Pour faciliter l\u2019organisation de cette journ\u00e9e, pouvez-vous vous manifester par mail (<a href=\"mailto:unite34bw@gmail.com\"><a href=\"mailto:unite34bw@gmail.com\" >unite34bw@gmail.com<\/a><\/a>) pour nous informer des mets d\u00e9licieux que vous apporterez ou encore de vos disponibilit\u00e9s de ce jour.\u00a0<\/span><\/p>\n<p><\/p>\n<p dir=\"ltr\" style=\"line-height:1.38;margin-top:0pt;margin-bottom:0pt\"><span style=\"font-size:11pt;font-family:Arial;color:rgb(0,0,0);background-color:transparent;font-variant-numeric:normal;font-variant-east-asian:normal;vertical-align:baseline;white-space:pre-wrap\">Pour ce qui est de la marche, les premiers d\u00e9parts se feront vers 7h du matin pour les l\u00e8ve-t\u00f4t. Nous conseillons, pour chaque parcours, de partir au plus tard \u00e0\u00a0<\/span><\/p>\n<p><\/p>\n<p dir=\"ltr\" style=\"line-height:1.38;margin-top:0pt;margin-bottom:0pt\"><span style=\"font-size:11pt;font-family:Arial;color:rgb(0,0,0);background-color:transparent;font-variant-numeric:normal;font-variant-east-asian:normal;vertical-align:baseline;white-space:pre-wrap\">15h00 pour le parcours 20 Km\u00a0<\/span><\/p>\n<p><\/p>\n<p dir=\"ltr\" style=\"line-height:1.38;margin-top:0pt;margin-bottom:0pt\"><span style=\"font-size:11pt;font-family:Arial;color:rgb(0,0,0);background-color:transparent;font-variant-numeric:normal;font-variant-east-asian:normal;vertical-align:baseline;white-space:pre-wrap\">15h00 pour le parcours 15 Km<\/span><\/p>\n<p><\/p>\n<p dir=\"ltr\" style=\"line-height:1.38;margin-top:0pt;margin-bottom:0pt\"><span style=\"font-size:11pt;font-family:Arial;color:rgb(0,0,0);background-color:transparent;font-variant-numeric:normal;font-variant-east-asian:normal;vertical-align:baseline;white-space:pre-wrap\">16h00 pour le parcours 10 Km\u00a0<\/span><\/p>\n<p><\/p>\n<p dir=\"ltr\" style=\"line-height:1.38;margin-top:0pt;margin-bottom:0pt\"><span style=\"font-size:11pt;font-family:Arial;color:rgb(0,0,0);background-color:transparent;font-variant-numeric:normal;font-variant-east-asian:normal;vertical-align:baseline;white-space:pre-wrap\">16h00 pour le parcours 5 Km\u00a0<\/span><\/p>\n<p><\/p>\n<p dir=\"ltr\" style=\"line-height:1.38;margin-top:0pt;margin-bottom:0pt\"><span style=\"font-size:11pt;font-family:Arial;color:rgb(0,0,0);background-color:transparent;font-variant-numeric:normal;font-variant-east-asian:normal;vertical-align:baseline;white-space:pre-wrap\">Nous tenons d\u2019avance \u00e0 remercier les parents et les anim\u00e9s qui contribueront \u00e0 la r\u00e9ussite de cette journ\u00e9e !\u00a0<\/span><\/p>\n<p><\/p>\n<p dir=\"ltr\" style=\"line-height:1.38;margin-top:0pt;margin-bottom:0pt\"><span style=\"font-size:11pt;font-family:Arial;color:rgb(0,0,0);background-color:transparent;font-variant-numeric:normal;font-variant-east-asian:normal;vertical-align:baseline;white-space:pre-wrap\">Pour rappel, aucune r\u00e9union n&#39;est donc organis\u00e9e ce samedi 16\/10 \u00e9tant donn\u00e9 que tous les chefs s&#39;attelleront \u00e0 la pr\u00e9paration de la marche. Les anim\u00e9s (principalement scouts et pionniers, de 15h \u00e0 18h30 ) sont \u00e9galement sollicit\u00e9s pour venir nous donner un coup de main le dimanche, surtout en fin de journ\u00e9e (d\u00e9fl\u00e9chage) !<\/span><\/p>\n<p><\/p>\n<p dir=\"ltr\" style=\"line-height:1.38;margin-top:0pt;margin-bottom:0pt\"><span style=\"font-size:11pt;font-family:Arial;color:rgb(0,0,0);background-color:transparent;font-variant-numeric:normal;font-variant-east-asian:normal;vertical-align:baseline;white-space:pre-wrap\">Au plaisir de vous y voir tr\u00e8s nombreux !<\/span><\/p>\n<p><\/p>\n<p dir=\"ltr\" style=\"line-height:1.38;margin-top:0pt;margin-bottom:0pt\"><span style=\"font-size:11pt;font-family:Arial;color:rgb(0,0,0);background-color:transparent;font-variant-numeric:normal;font-variant-east-asian:normal;vertical-align:baseline;white-space:pre-wrap\">Pour le staff d\u2019unit\u00e9,<\/span><\/p>\n<p dir=\"ltr\" style=\"line-height:1.38;margin-top:0pt;margin-bottom:0pt\"><span style=\"font-size:11pt;font-family:Arial;color:rgb(0,0,0);background-color:transparent;font-variant-numeric:normal;font-variant-east-asian:normal;vertical-align:baseline;white-space:pre-wrap\">Gerboise En r\u00e9gie<\/span><\/p>\n<div><span style=\"font-size:11pt;font-family:Arial;color:rgb(0,0,0);background-color:transparent;font-variant-numeric:normal;font-variant-east-asian:normal;vertical-align:baseline;white-space:pre-wrap\"><br \/><\/span><\/div>\n<p><\/span><\/p>\n<div><\/div>\n","protected":false},"excerpt":{"rendered":"<p>&lt; div dir=\u00a0\u00bbltr\u00a0\u00bb> &lt; div dir=\u00a0\u00bbltr\u00a0\u00bb> Bonjour \u00e0 tous ! L&#39;ann\u00e9e a d\u00e9j\u00e0 bien commenc\u00e9 et nous avons le plaisir de vous convier, ce dimanche 17\/10 \u00e0 notre traditionnelle marche ADEPS. C&#39;est donc l&#39;occasion pour nous de vous rappeler de quelle fa\u00e7on vous pouvez nous donner un coup de main lors de celle-ci. Comme chaque ann\u00e9e, nous sollicitons les cordons bleus pour confectionner tartes, cakes, soupes, etc qui seront mis en vente lors de l\u2019\u00e9v\u00e9nement. Pour une question d&#39;organisation, nous vous proposons d&#39;apporter ces douces victuailles le samedi 16\/10 entre 14 et 17 heures, ou bien dimanche en d\u00e9but de matin\u00e9e. Cette ann\u00e9e \u00e0 nouveau, nous avons la chance de vous donner rendez-vous \u00e0 la ferme de la Hagoulle. Adresse : Rue de R\u00e8ves 38, 1476 Houtain-le-Val.\u00a0 Vous pourrez ainsi profiter de leur petite restauration pour manger un burger ou un pain saucisse dimanche midi. Pour faciliter l\u2019organisation de cette journ\u00e9e, pouvez-vous vous manifester par mail (unite34bw@gmail.com) pour nous informer des mets d\u00e9licieux que vous apporterez ou encore de vos disponibilit\u00e9s de ce jour.\u00a0 Pour ce qui est de la marche, les premiers d\u00e9parts se feront vers 7h du matin pour les l\u00e8ve-t\u00f4t. Nous conseillons, pour chaque parcours, de partir au plus tard \u00e0\u00a0 15h00 pour le parcours 20 Km\u00a0 15h00 pour le parcours 15 Km 16h00 pour le parcours 10 Km\u00a0 16h00 pour le parcours 5 Km\u00a0 Nous tenons d\u2019avance \u00e0 remercier les parents et les anim\u00e9s qui contribueront \u00e0 la r\u00e9ussite de cette journ\u00e9e !\u00a0 Pour rappel, aucune r\u00e9union n&#39;est donc organis\u00e9e ce samedi 16\/10 \u00e9tant donn\u00e9 que tous les chefs s&#39;attelleront \u00e0 la pr\u00e9paration de la marche. Les anim\u00e9s (principalement scouts et pionniers, de 15h \u00e0 18h30 ) sont \u00e9galement sollicit\u00e9s pour venir nous donner un coup de main le dimanche, surtout en fin de journ\u00e9e (d\u00e9fl\u00e9chage) ! Au plaisir de vous y voir tr\u00e8s nombreux ! Pour le staff d\u2019unit\u00e9, Gerboise En r\u00e9gie<\/p>\n","protected":false},"author":8,"featured_media":0,"comment_status":"open","ping_status":"open","sticky":false,"template":"","format":"standard","meta":{"_jetpack_memberships_contains_paid_content":false,"footnotes":"","jetpack_publicize_message":"","jetpack_publicize_feature_enabled":true,"jetpack_social_post_already_shared":true,"jetpack_social_options":{"image_generator_settings":{"template":"highway","default_image_id":0,"font":"","enabled":false},"version":2}},"categories":[10],"tags":[],"post_folder":[],"class_list":["post-1736","post","type-post","status-publish","format-standard","hentry","category-global","content-layout-full"],"jetpack_publicize_connections":[],"jetpack_featured_media_url":"","jetpack_sharing_enabled":true,"jetpack_shortlink":"https:\/\/wp.me\/p6EvnD-s0","_links":{"self":[{"href":"https:\/\/www.34bw.be\/index.php?rest_route=\/wp\/v2\/posts\/1736","targetHints":{"allow":["GET"]}}],"collection":[{"href":"https:\/\/www.34bw.be\/index.php?rest_route=\/wp\/v2\/posts"}],"about":[{"href":"https:\/\/www.34bw.be\/index.php?rest_route=\/wp\/v2\/types\/post"}],"author":[{"embeddable":true,"href":"https:\/\/www.34bw.be\/index.php?rest_route=\/wp\/v2\/users\/8"}],"replies":[{"embeddable":true,"href":"https:\/\/www.34bw.be\/index.php?rest_route=%2Fwp%2Fv2%2Fcomments&post=1736"}],"version-history":[{"count":0,"href":"https:\/\/www.34bw.be\/index.php?rest_route=\/wp\/v2\/posts\/1736\/revisions"}],"wp:attachment":[{"href":"https:\/\/www.34bw.be\/index.php?rest_route=%2Fwp%2Fv2%2Fmedia&parent=1736"}],"wp:term":[{"taxonomy":"category","embeddable":true,"href":"https:\/\/www.34bw.be\/index.php?rest_route=%2Fwp%2Fv2%2Fcategories&post=1736"},{"taxonomy":"post_tag","embeddable":true,"href":"https:\/\/www.34bw.be\/index.php?rest_route=%2Fwp%2Fv2%2Ftags&post=1736"},{"taxonomy":"post_folder","embeddable":true,"href":"https:\/\/www.34bw.be\/index.php?rest_route=%2Fwp%2Fv2%2Fpost_folder&post=1736"}],"curies":[{"name":"wp","href":"https:\/\/api.w.org\/{rel}","templated":true}]}}