


{"id":1690,"date":"2020-10-14T18:19:25","date_gmt":"2020-10-14T18:19:25","guid":{"rendered":"https:\/\/34bw.be\/?p=1690"},"modified":"2020-10-14T19:19:41","modified_gmt":"2020-10-14T18:19:41","slug":"34bw-marche-adeps","status":"publish","type":"post","link":"https:\/\/www.34bw.be\/?p=1690","title":{"rendered":"[34BW] Marche ADEPS"},"content":{"rendered":"<p>&lt;<\/p>\n<p>div dir=\u00a0\u00bbltr\u00a0\u00bb><span id=\"gmail-docs-internal-guid-d8e1ff88-7fff-99ec-888d-f5e409881b96\"><\/p>\n<p dir=\"ltr\" style=\"line-height:1.38;margin-top:0pt;margin-bottom:0pt\"><span style=\"font-size:11pt;font-family:Arial;font-variant-numeric:normal;font-variant-east-asian:normal;vertical-align:baseline;white-space:pre-wrap\">Chers parents, chers anim\u00e9s,\u00a0<\/span><\/p>\n<p><\/p>\n<p dir=\"ltr\" style=\"line-height:1.38;margin-top:0pt;margin-bottom:0pt\"><span style=\"font-size:11pt;font-family:Arial;background-color:transparent;font-variant-numeric:normal;font-variant-east-asian:normal;vertical-align:baseline;white-space:pre-wrap\">Comme vous le savez, ce dimanche, se d\u00e9roule notre annuelle<\/span><a href=\"https:\/\/fb.me\/e\/1GQg6pXzG\" style=\"text-decoration-line:none\"><span style=\"font-size:11pt;font-family:Arial;background-color:transparent;font-variant-numeric:normal;font-variant-east-asian:normal;text-decoration-line:underline;vertical-align:baseline;white-space:pre-wrap\"> marche ADEPS<\/span><\/a><span style=\"font-size:11pt;font-family:Arial;background-color:transparent;font-variant-numeric:normal;font-variant-east-asian:normal;vertical-align:baseline;white-space:pre-wrap\">.<\/span><\/p>\n<p><\/p>\n<p dir=\"ltr\" style=\"line-height:1.38;margin-top:0pt;margin-bottom:0pt\"><span style=\"font-size:11pt;font-family:Arial;background-color:transparent;font-variant-numeric:normal;font-variant-east-asian:normal;vertical-align:baseline;white-space:pre-wrap\">A l&#39;heure ou je vous parle, nous avons d\u00e9cid\u00e9 de la maintenir, avec de nombreux ajustements li\u00e9s \u00e0 la pand\u00e9mie actuellement en cours :\u00a0<\/span><\/p>\n<ul style=\"margin-top:0px;margin-bottom:0px\">\n<li dir=\"ltr\" style=\"list-style-type:disc;font-size:11pt;font-family:Arial;background-color:transparent;font-variant-numeric:normal;font-variant-east-asian:normal;vertical-align:baseline;white-space:pre\">\n<p dir=\"ltr\" style=\"line-height:1.38;margin-top:10pt;margin-bottom:0pt\"><span style=\"font-size:11pt;background-color:transparent;font-variant-numeric:normal;font-variant-east-asian:normal;vertical-align:baseline;white-space:pre-wrap\">D\u00e9placement de l&#39;\u00e9v\u00e9nement \u00e0 la ferme de la Hagoulle (le restaurant est ouvert \ud83d\ude09 )<\/span><\/p>\n<\/li>\n<li dir=\"ltr\" style=\"list-style-type:disc;font-size:11pt;font-family:Arial;background-color:transparent;font-variant-numeric:normal;font-variant-east-asian:normal;vertical-align:baseline;white-space:pre\">\n<p dir=\"ltr\" style=\"line-height:1.38;margin-top:0pt;margin-bottom:0pt\"><span style=\"font-size:11pt;background-color:transparent;font-variant-numeric:normal;font-variant-east-asian:normal;vertical-align:baseline;white-space:pre-wrap\">Nous tiendrons un bar avec des softs dans les jardins de la Hagoulle<\/span><\/p>\n<\/li>\n<li dir=\"ltr\" style=\"list-style-type:disc;font-size:11pt;font-family:Arial;background-color:transparent;font-variant-numeric:normal;font-variant-east-asian:normal;vertical-align:baseline;white-space:pre\">\n<p dir=\"ltr\" style=\"line-height:1.38;margin-top:0pt;margin-bottom:10pt\"><span style=\"font-size:11pt;background-color:transparent;font-variant-numeric:normal;font-variant-east-asian:normal;vertical-align:baseline;white-space:pre-wrap\">Nous mettons \u00e0 disposition une urne \u00e0 donations pour ceux qui souhaitent soutenir les projets de l&#39;unit\u00e9.<\/span><\/p>\n<\/li>\n<\/ul>\n<p dir=\"ltr\" style=\"line-height:1.38;margin-top:10pt;margin-bottom:10pt\"><span style=\"font-size:11pt;font-family:Arial;background-color:transparent;font-variant-numeric:normal;font-variant-east-asian:normal;vertical-align:baseline;white-space:pre-wrap\">Malgr\u00e9 l\u2019engouement habituel que vous nous montrez en nous apportant de la soupe et des d\u00e9licieux g\u00e2teaux, nous avons d\u00e9cid\u00e9 de ne pas en vendre cette ann\u00e9e, pour des raisons sanitaires \u00e9videntes.<\/span><\/p>\n<p dir=\"ltr\" style=\"line-height:1.38;margin-top:0pt;margin-bottom:0pt\"><span style=\"font-size:11pt;font-family:Arial;background-color:transparent;font-variant-numeric:normal;font-variant-east-asian:normal;vertical-align:baseline;white-space:pre-wrap\">Ce mail est donc une invitation \u00e0 venir vous promener dans nos campagnes avec vos enfants, et \u00e0 prendre l&#39;air, tant que cela est encore permis \ud83d\ude42<\/span><\/p>\n<p><\/p>\n<p dir=\"ltr\" style=\"line-height:1.38;margin-top:0pt;margin-bottom:0pt\"><span style=\"font-size:11pt;font-family:Arial;background-color:transparent;font-weight:700;font-style:italic;font-variant-numeric:normal;font-variant-east-asian:normal;vertical-align:baseline;white-space:pre-wrap\">Ouverture des parcours de 8h \u00e0 18h, 5-10-15 et 20 KM.<\/span><\/p>\n<p dir=\"ltr\" style=\"line-height:1.38;margin-top:0pt;margin-bottom:0pt\"><span style=\"font-size:11pt;font-family:Arial;background-color:transparent;font-weight:700;font-style:italic;font-variant-numeric:normal;font-variant-east-asian:normal;vertical-align:baseline;white-space:pre-wrap\">Rendez-vous : Rue de R\u00e8ves 38, 1476 Houtain-le-Val<\/span><\/p>\n<p><\/p>\n<p dir=\"ltr\" style=\"line-height:1.38;margin-top:10pt;margin-bottom:10pt\"><span style=\"font-size:11pt;font-family:Arial;background-color:transparent;font-variant-numeric:normal;font-variant-east-asian:normal;vertical-align:baseline;white-space:pre-wrap\">Comme chaque ann\u00e9e, les \u00e9claireurs sont invit\u00e9s \u00e0 venir nous aider pour le d\u00e9fl\u00e9chage des parcours \u00e0 partir de 16h30.<\/span><\/p>\n<p dir=\"ltr\" style=\"line-height:1.38;margin-top:0pt;margin-bottom:0pt\"><span style=\"font-size:11pt;font-family:Arial;background-color:transparent;font-variant-numeric:normal;font-variant-east-asian:normal;vertical-align:baseline;white-space:pre-wrap\">En esp\u00e9rant voir vos visages masqu\u00e9s ce dimanche,<\/span><\/p>\n<p><\/p>\n<p dir=\"ltr\" style=\"line-height:1.38;margin-top:0pt;margin-bottom:0pt\"><span style=\"font-size:11pt;font-family:Arial;background-color:transparent;font-variant-numeric:normal;font-variant-east-asian:normal;vertical-align:baseline;white-space:pre-wrap\">Pour l&#39;unit\u00e9,\u00a0<\/span><\/p>\n<p dir=\"ltr\" style=\"line-height:1.38;margin-top:0pt;margin-bottom:0pt\"><span style=\"font-size:11pt;font-family:Arial;background-color:transparent;font-variant-numeric:normal;font-variant-east-asian:normal;vertical-align:baseline;white-space:pre-wrap\">Suricate<\/span><\/p>\n<p><\/span><br class=\"gmail-Apple-interchange-newline\"><\/p>\n<div><\/div>\n","protected":false},"excerpt":{"rendered":"<p>&lt; div dir=\u00a0\u00bbltr\u00a0\u00bb> Chers parents, chers anim\u00e9s,\u00a0 Comme vous le savez, ce dimanche, se d\u00e9roule notre annuelle marche ADEPS. A l&#39;heure ou je vous parle, nous avons d\u00e9cid\u00e9 de la maintenir, avec de nombreux ajustements li\u00e9s \u00e0 la pand\u00e9mie actuellement en cours :\u00a0 D\u00e9placement de l&#39;\u00e9v\u00e9nement \u00e0 la ferme de la Hagoulle (le restaurant est ouvert \ud83d\ude09 ) Nous tiendrons un bar avec des softs dans les jardins de la Hagoulle Nous mettons \u00e0 disposition une urne \u00e0 donations pour ceux qui souhaitent soutenir les projets de l&#39;unit\u00e9. Malgr\u00e9 l\u2019engouement habituel que vous nous montrez en nous apportant de la soupe et des d\u00e9licieux g\u00e2teaux, nous avons d\u00e9cid\u00e9 de ne pas en vendre cette ann\u00e9e, pour des raisons sanitaires \u00e9videntes. Ce mail est donc une invitation \u00e0 venir vous promener dans nos campagnes avec vos enfants, et \u00e0 prendre l&#39;air, tant que cela est encore permis \ud83d\ude42 Ouverture des parcours de 8h \u00e0 18h, 5-10-15 et 20 KM. Rendez-vous : Rue de R\u00e8ves 38, 1476 Houtain-le-Val Comme chaque ann\u00e9e, les \u00e9claireurs sont invit\u00e9s \u00e0 venir nous aider pour le d\u00e9fl\u00e9chage des parcours \u00e0 partir de 16h30. En esp\u00e9rant voir vos visages masqu\u00e9s ce dimanche, Pour l&#39;unit\u00e9,\u00a0 Suricate<\/p>\n","protected":false},"author":8,"featured_media":0,"comment_status":"open","ping_status":"open","sticky":false,"template":"","format":"standard","meta":{"_jetpack_memberships_contains_paid_content":false,"footnotes":"","jetpack_publicize_message":"","jetpack_publicize_feature_enabled":true,"jetpack_social_post_already_shared":true,"jetpack_social_options":{"image_generator_settings":{"template":"highway","default_image_id":0,"font":"","enabled":false},"version":2}},"categories":[10],"tags":[],"post_folder":[],"class_list":["post-1690","post","type-post","status-publish","format-standard","hentry","category-global","content-layout-full"],"jetpack_publicize_connections":[],"jetpack_featured_media_url":"","jetpack_sharing_enabled":true,"jetpack_shortlink":"https:\/\/wp.me\/p6EvnD-rg","_links":{"self":[{"href":"https:\/\/www.34bw.be\/index.php?rest_route=\/wp\/v2\/posts\/1690","targetHints":{"allow":["GET"]}}],"collection":[{"href":"https:\/\/www.34bw.be\/index.php?rest_route=\/wp\/v2\/posts"}],"about":[{"href":"https:\/\/www.34bw.be\/index.php?rest_route=\/wp\/v2\/types\/post"}],"author":[{"embeddable":true,"href":"https:\/\/www.34bw.be\/index.php?rest_route=\/wp\/v2\/users\/8"}],"replies":[{"embeddable":true,"href":"https:\/\/www.34bw.be\/index.php?rest_route=%2Fwp%2Fv2%2Fcomments&post=1690"}],"version-history":[{"count":0,"href":"https:\/\/www.34bw.be\/index.php?rest_route=\/wp\/v2\/posts\/1690\/revisions"}],"wp:attachment":[{"href":"https:\/\/www.34bw.be\/index.php?rest_route=%2Fwp%2Fv2%2Fmedia&parent=1690"}],"wp:term":[{"taxonomy":"category","embeddable":true,"href":"https:\/\/www.34bw.be\/index.php?rest_route=%2Fwp%2Fv2%2Fcategories&post=1690"},{"taxonomy":"post_tag","embeddable":true,"href":"https:\/\/www.34bw.be\/index.php?rest_route=%2Fwp%2Fv2%2Ftags&post=1690"},{"taxonomy":"post_folder","embeddable":true,"href":"https:\/\/www.34bw.be\/index.php?rest_route=%2Fwp%2Fv2%2Fpost_folder&post=1690"}],"curies":[{"name":"wp","href":"https:\/\/api.w.org\/{rel}","templated":true}]}}