


{"id":1641,"date":"2020-03-12T10:17:56","date_gmt":"2020-03-12T10:17:56","guid":{"rendered":"https:\/\/34bw.be\/?p=1641"},"modified":"2020-03-12T11:48:50","modified_gmt":"2020-03-12T10:48:50","slug":"annulation-hike-dunite","status":"publish","type":"post","link":"https:\/\/www.34bw.be\/?p=1641","title":{"rendered":"[Annulation] Hike d&rsquo;unit\u00e9"},"content":{"rendered":"<p>&lt;<\/p>\n<p>div dir=\u00a0\u00bbltr\u00a0\u00bb><span id=\"gmail-docs-internal-guid-68c7c1b6-7fff-105e-5cd1-69bb1743f493\"><\/p>\n<p dir=\"ltr\" style=\"line-height:1.38;text-align:justify;margin-top:0pt;margin-bottom:0pt\"><span style=\"font-size:11pt;font-family:Arial;color:rgb(0,0,0);background-color:transparent;font-variant-numeric:normal;font-variant-east-asian:normal;vertical-align:baseline;white-space:pre-wrap\">Chers parents,<\/span><\/p>\n<p dir=\"ltr\" style=\"line-height:1.38;text-align:justify;margin-top:0pt;margin-bottom:0pt\"><span style=\"font-size:11pt;font-family:Arial;color:rgb(0,0,0);background-color:transparent;font-variant-numeric:normal;font-variant-east-asian:normal;vertical-align:baseline;white-space:pre-wrap\">Chers anim\u00e9s,\u00a0<\/span><\/p>\n<p dir=\"ltr\" style=\"line-height:1.38;text-align:justify;margin-top:0pt;margin-bottom:0pt\"><span style=\"font-size:11pt;font-family:Arial;color:rgb(0,0,0);background-color:transparent;font-variant-numeric:normal;font-variant-east-asian:normal;vertical-align:baseline;white-space:pre-wrap\">Chers animateurs,<\/span><\/p>\n<p><\/p>\n<p dir=\"ltr\" style=\"line-height:1.38;text-align:justify;margin-top:0pt;margin-bottom:0pt\"><span style=\"font-size:11pt;font-family:Arial;color:rgb(0,0,0);background-color:transparent;font-variant-numeric:normal;font-variant-east-asian:normal;vertical-align:baseline;white-space:pre-wrap\">C\u2019est avec un immense regret que nous vous annon\u00e7ons l<\/span><span style=\"font-size:11pt;font-family:Arial;color:rgb(0,0,0);background-color:transparent;font-weight:700;font-variant-numeric:normal;font-variant-east-asian:normal;vertical-align:baseline;white-space:pre-wrap\">\u2019annulation du hike d\u2019unit\u00e9<\/span><span style=\"font-size:11pt;font-family:Arial;color:rgb(0,0,0);background-color:transparent;font-variant-numeric:normal;font-variant-east-asian:normal;vertical-align:baseline;white-space:pre-wrap\"> pr\u00e9vu du 20 au 22 mars 2020.<\/span><\/p>\n<p><\/p>\n<p dir=\"ltr\" style=\"line-height:1.38;text-align:justify;margin-top:0pt;margin-bottom:0pt\"><span style=\"font-size:11pt;font-family:Arial;color:rgb(0,0,0);background-color:transparent;font-variant-numeric:normal;font-variant-east-asian:normal;vertical-align:baseline;white-space:pre-wrap\">La f\u00e9d\u00e9ration Les Scouts nous recommande de suivre l\u2019interdiction d\u2019organisation de voyage scolaire avec nuit\u00e9e jusqu\u2019au 31 mars 2020 prise par les gouverneurs wallons ce mercredi 11 mars. <\/span><\/p>\n<p dir=\"ltr\" style=\"line-height:1.38;text-align:justify;margin-top:0pt;margin-bottom:0pt\"><span style=\"font-size:11pt;font-family:Arial;color:rgb(0,0,0);background-color:transparent;font-variant-numeric:normal;font-variant-east-asian:normal;vertical-align:baseline;white-space:pre-wrap\">Nous avons pris cette d\u00e9cision afin de prot\u00e9ger les personnes qui pourraient \u00eatre affect\u00e9es directement ou indirectement par la propagation du COVID-19 suite \u00e0 une activit\u00e9 sous la responsabilit\u00e9 de l\u2019unit\u00e9. <\/span><\/p>\n<p dir=\"ltr\" style=\"line-height:1.38;text-align:justify;margin-top:0pt;margin-bottom:0pt\"><span style=\"font-size:11pt;font-family:Arial;color:rgb(0,0,0);background-color:transparent;font-variant-numeric:normal;font-variant-east-asian:normal;vertical-align:baseline;white-space:pre-wrap\">Plus d\u2019informations sont disponibles sur\u00a0 <\/span><a href=\"https:\/\/lesscouts.be\/coronavirus.html\" style=\"text-decoration-line:none\"><span style=\"font-size:11pt;font-family:Arial;background-color:transparent;font-variant-numeric:normal;font-variant-east-asian:normal;text-decoration-line:underline;vertical-align:baseline;white-space:pre-wrap\">https:\/\/lesscouts.be\/coronavirus.html<\/span><\/a><span style=\"font-size:11pt;font-family:Arial;color:rgb(0,0,0);background-color:transparent;font-variant-numeric:normal;font-variant-east-asian:normal;vertical-align:baseline;white-space:pre-wrap\">.<\/span><\/p>\n<p><\/p>\n<p dir=\"ltr\" style=\"line-height:1.38;text-align:justify;margin-top:0pt;margin-bottom:0pt\"><span style=\"font-size:11pt;font-family:Arial;color:rgb(0,0,0);background-color:transparent;font-variant-numeric:normal;font-variant-east-asian:normal;vertical-align:baseline;white-space:pre-wrap\">Le hike d\u2019unit\u00e9 \u00e9tant une activit\u00e9 que nous organisons de fa\u00e7on non-annuelle et impliquant une logistique assez cons\u00e9quente, nous d\u00e9sirons que celui-ci se passe dans les meilleures conditions possibles. <\/span><\/p>\n<p dir=\"ltr\" style=\"line-height:1.38;text-align:justify;margin-top:0pt;margin-bottom:0pt\"><span style=\"font-size:11pt;font-family:Arial;color:rgb(0,0,0);background-color:transparent;font-variant-numeric:normal;font-variant-east-asian:normal;vertical-align:baseline;white-space:pre-wrap\">Nous envisageons donc de reporter celui-ci \u00e0 l\u2019ann\u00e9e prochaine en fonction des disponibilit\u00e9s des endroits que nous pourrons trouver.<\/span><\/p>\n<p><\/p>\n<p dir=\"ltr\" style=\"line-height:1.38;text-align:justify;margin-top:0pt;margin-bottom:0pt\"><span style=\"font-size:11pt;font-family:Arial;color:rgb(0,0,0);background-color:transparent;font-variant-numeric:normal;font-variant-east-asian:normal;vertical-align:baseline;white-space:pre-wrap\">Concernant les parents qui ont d\u00e9j\u00e0 pay\u00e9 le hike sur le compte de l\u2019unit\u00e9, un <\/span><span style=\"font-size:11pt;font-family:Arial;color:rgb(0,0,0);background-color:transparent;font-weight:700;font-variant-numeric:normal;font-variant-east-asian:normal;vertical-align:baseline;white-space:pre-wrap\">remboursement <\/span><span style=\"font-size:11pt;font-family:Arial;color:rgb(0,0,0);background-color:transparent;font-variant-numeric:normal;font-variant-east-asian:normal;vertical-align:baseline;white-space:pre-wrap\">sera effectu\u00e9 dans les jours qui viennent sur le compte donneur d\u2019ordre du virement.\u00a0<\/span><\/p>\n<p><\/p>\n<p dir=\"ltr\" style=\"line-height:1.38;text-align:justify;margin-top:0pt;margin-bottom:0pt\"><span style=\"font-size:11pt;font-family:Arial;color:rgb(0,0,0);background-color:transparent;font-weight:700;font-variant-numeric:normal;font-variant-east-asian:normal;vertical-align:baseline;white-space:pre-wrap\">Nous envisageons cependant d\u2019organiser une r\u00e9union le samedi 21 mars 2020. Nous vous tiendrons \u00e9videmment au courant le plus vite possible.<\/span><\/p>\n<p><\/p>\n<p dir=\"ltr\" style=\"line-height:1.38;text-align:justify;margin-top:0pt;margin-bottom:0pt\"><span style=\"font-size:11pt;font-family:Arial;color:rgb(0,0,0);background-color:transparent;font-variant-numeric:normal;font-variant-east-asian:normal;vertical-align:baseline;white-space:pre-wrap\">En ce qui concerne les futurs \u00e9v\u00e9nements et les r\u00e9unions \u00e0 venir:<\/span><\/p>\n<ul style=\"margin-top:0px;margin-bottom:0px\">\n<li dir=\"ltr\" style=\"list-style-type:disc;font-size:11pt;font-family:Arial;color:rgb(0,0,0);background-color:transparent;font-variant-numeric:normal;font-variant-east-asian:normal;vertical-align:baseline;white-space:pre\">\n<p dir=\"ltr\" style=\"line-height:1.38;text-align:justify;margin-top:0pt;margin-bottom:0pt\"><span style=\"font-size:11pt;background-color:transparent;font-weight:700;font-variant-numeric:normal;font-variant-east-asian:normal;vertical-align:baseline;white-space:pre-wrap\">Les r\u00e9unions sont maintenues<\/span><span style=\"font-size:11pt;background-color:transparent;font-variant-numeric:normal;font-variant-east-asian:normal;vertical-align:baseline;white-space:pre-wrap\"> comme pr\u00e9vu pour le moment. Les chefs seront particuli\u00e8rement attentifs au respect des r\u00e8gles d\u2019hygi\u00e8ne.<\/span><\/p>\n<\/li>\n<li dir=\"ltr\" style=\"list-style-type:disc;font-size:11pt;font-family:Arial;color:rgb(0,0,0);background-color:transparent;font-variant-numeric:normal;font-variant-east-asian:normal;vertical-align:baseline;white-space:pre\">\n<p dir=\"ltr\" style=\"line-height:1.38;text-align:justify;margin-top:0pt;margin-bottom:0pt\"><span style=\"font-size:11pt;background-color:transparent;font-weight:700;font-variant-numeric:normal;font-variant-east-asian:normal;vertical-align:baseline;white-space:pre-wrap\">Les 24h v\u00e9lo du bois de la Cambre<\/span><span style=\"font-size:11pt;background-color:transparent;font-variant-numeric:normal;font-variant-east-asian:normal;vertical-align:baseline;white-space:pre-wrap\"> sont pour le moment maintenues. Nous suivrons les diff\u00e9rentes recommandations des autorit\u00e9s comp\u00e9tentes en la mati\u00e8re\u00a0 et des organisateurs. Pour plus d\u2019informations, n\u2019h\u00e9sitez pas \u00e0 consulter la page facebook de l\u2019\u00e9v\u00e8nement : <\/span><a href=\"https:\/\/www.facebook.com\/24heuresBDC\/\" style=\"text-decoration-line:none\"><span style=\"font-size:11pt;background-color:transparent;font-variant-numeric:normal;font-variant-east-asian:normal;text-decoration-line:underline;vertical-align:baseline;white-space:pre-wrap\">https:\/\/www.facebook.com\/24heuresBDC\/<\/span><\/a><span style=\"font-size:11pt;background-color:transparent;font-variant-numeric:normal;font-variant-east-asian:normal;vertical-align:baseline;white-space:pre-wrap\">.<\/span><\/p>\n<\/li>\n<li dir=\"ltr\" style=\"list-style-type:disc;font-size:11pt;font-family:Arial;color:rgb(0,0,0);background-color:transparent;font-variant-numeric:normal;font-variant-east-asian:normal;vertical-align:baseline;white-space:pre\">\n<p dir=\"ltr\" style=\"line-height:1.38;text-align:justify;margin-top:0pt;margin-bottom:0pt\"><span style=\"font-size:11pt;background-color:transparent;font-weight:700;font-variant-numeric:normal;font-variant-east-asian:normal;vertical-align:baseline;white-space:pre-wrap\">Les camps<\/span><span style=\"font-size:11pt;background-color:transparent;font-variant-numeric:normal;font-variant-east-asian:normal;vertical-align:baseline;white-space:pre-wrap\"> <\/span><span style=\"font-size:11pt;background-color:transparent;font-weight:700;font-variant-numeric:normal;font-variant-east-asian:normal;vertical-align:baseline;white-space:pre-wrap\">de juillet<\/span><span style=\"font-size:11pt;background-color:transparent;font-variant-numeric:normal;font-variant-east-asian:normal;vertical-align:baseline;white-space:pre-wrap\"> sont pour le moment maintenus.<\/span><\/p>\n<\/li>\n<\/ul>\n<p><\/p>\n<p dir=\"ltr\" style=\"line-height:1.38;text-align:justify;margin-top:0pt;margin-bottom:0pt\"><span style=\"font-size:11pt;font-family:Arial;color:rgb(0,0,0);background-color:transparent;font-variant-numeric:normal;font-variant-east-asian:normal;vertical-align:baseline;white-space:pre-wrap\">Evidemment, nous vous demandons d\u2019\u00eatre attentifs \u00e0 ne pas amener vos enfants aux activit\u00e9s organis\u00e9es par l\u2019unit\u00e9 si celui-ci a \u00e9t\u00e9 en contact direct ou indirect avec un porteur du virus, ou si vous ou votre enfant \u00eates malades.<\/span><\/p>\n<p><\/p>\n<p dir=\"ltr\" style=\"line-height:1.38;text-align:justify;margin-top:0pt;margin-bottom:0pt\"><span style=\"font-size:11pt;font-family:Arial;color:rgb(0,0,0);background-color:transparent;font-variant-numeric:normal;font-variant-east-asian:normal;vertical-align:baseline;white-space:pre-wrap\">Nous restons\u00a0 activement \u00e0 l\u2019\u00e9coute de l\u2019\u00e9volution de la situation et des diff\u00e9rentes recommandations qui nous sont faites par la f\u00e9d\u00e9ration Les Scouts et les autorit\u00e9s, et esp\u00e9rons que le contexte nous permette de maintenir l\u2019animation de la fa\u00e7on la plus normale possible.<\/span><\/p>\n<p><\/p>\n<p dir=\"ltr\" style=\"line-height:1.38;text-align:justify;margin-top:0pt;margin-bottom:0pt\"><span style=\"font-size:11pt;font-family:Arial;color:rgb(0,0,0);background-color:transparent;font-variant-numeric:normal;font-variant-east-asian:normal;vertical-align:baseline;white-space:pre-wrap\">Bonne fin de semaine et portez-vous bien,\u00a0<\/span><\/p>\n<p><\/p>\n<p dir=\"ltr\" style=\"line-height:1.38;text-align:justify;margin-top:0pt;margin-bottom:0pt\"><span style=\"font-size:11pt;font-family:Arial;color:rgb(0,0,0);background-color:transparent;font-variant-numeric:normal;font-variant-east-asian:normal;vertical-align:baseline;white-space:pre-wrap\">Pour le staff d\u2019unit\u00e9,\u00a0<\/span><\/p>\n<p><\/p>\n<p dir=\"ltr\" style=\"line-height:1.38;text-align:justify;margin-top:0pt;margin-bottom:0pt\"><span style=\"font-size:11pt;font-family:Arial;color:rgb(0,0,0);background-color:transparent;font-variant-numeric:normal;font-variant-east-asian:normal;vertical-align:baseline;white-space:pre-wrap\">Suricate (Vermeiren R\u00e9my, 0497876963)<\/span><\/p>\n<p><\/span><\/p>\n<div><\/div>\n","protected":false},"excerpt":{"rendered":"<p>&lt; div dir=\u00a0\u00bbltr\u00a0\u00bb> Chers parents, Chers anim\u00e9s,\u00a0 Chers animateurs, C\u2019est avec un immense regret que nous vous annon\u00e7ons l\u2019annulation du hike d\u2019unit\u00e9 pr\u00e9vu du 20 au 22 mars 2020. La f\u00e9d\u00e9ration Les Scouts nous recommande de suivre l\u2019interdiction d\u2019organisation de voyage scolaire avec nuit\u00e9e jusqu\u2019au 31 mars 2020 prise par les gouverneurs wallons ce mercredi 11 mars. Nous avons pris cette d\u00e9cision afin de prot\u00e9ger les personnes qui pourraient \u00eatre affect\u00e9es directement ou indirectement par la propagation du COVID-19 suite \u00e0 une activit\u00e9 sous la responsabilit\u00e9 de l\u2019unit\u00e9. Plus d\u2019informations sont disponibles sur\u00a0 https:\/\/lesscouts.be\/coronavirus.html. Le hike d\u2019unit\u00e9 \u00e9tant une activit\u00e9 que nous organisons de fa\u00e7on non-annuelle et impliquant une logistique assez cons\u00e9quente, nous d\u00e9sirons que celui-ci se passe dans les meilleures conditions possibles. Nous envisageons donc de reporter celui-ci \u00e0 l\u2019ann\u00e9e prochaine en fonction des disponibilit\u00e9s des endroits que nous pourrons trouver. Concernant les parents qui ont d\u00e9j\u00e0 pay\u00e9 le hike sur le compte de l\u2019unit\u00e9, un remboursement sera effectu\u00e9 dans les jours qui viennent sur le compte donneur d\u2019ordre du virement.\u00a0 Nous envisageons cependant d\u2019organiser une r\u00e9union le samedi 21 mars 2020. Nous vous tiendrons \u00e9videmment au courant le plus vite possible. En ce qui concerne les futurs \u00e9v\u00e9nements et les r\u00e9unions \u00e0 venir: Les r\u00e9unions sont maintenues comme pr\u00e9vu pour le moment. Les chefs seront particuli\u00e8rement attentifs au respect des r\u00e8gles d\u2019hygi\u00e8ne. Les 24h v\u00e9lo du bois de la Cambre sont pour le moment maintenues. Nous suivrons les diff\u00e9rentes recommandations des autorit\u00e9s comp\u00e9tentes en la mati\u00e8re\u00a0 et des organisateurs. Pour plus d\u2019informations, n\u2019h\u00e9sitez pas \u00e0 consulter la page facebook de l\u2019\u00e9v\u00e8nement : https:\/\/www.facebook.com\/24heuresBDC\/. Les camps de juillet sont pour le moment maintenus. Evidemment, nous vous demandons d\u2019\u00eatre attentifs \u00e0 ne pas amener vos enfants aux activit\u00e9s organis\u00e9es par l\u2019unit\u00e9 si celui-ci a \u00e9t\u00e9 en contact direct ou indirect avec un porteur du virus, ou si vous ou votre enfant \u00eates malades. Nous restons\u00a0 activement \u00e0 l\u2019\u00e9coute de l\u2019\u00e9volution de la situation et des diff\u00e9rentes recommandations qui nous sont faites par la f\u00e9d\u00e9ration Les Scouts et les autorit\u00e9s, et esp\u00e9rons que le contexte nous permette de maintenir l\u2019animation de la fa\u00e7on la plus normale possible. Bonne fin de semaine et portez-vous bien,\u00a0 Pour le staff d\u2019unit\u00e9,\u00a0 Suricate (Vermeiren R\u00e9my, 0497876963)<\/p>\n","protected":false},"author":8,"featured_media":0,"comment_status":"open","ping_status":"open","sticky":false,"template":"","format":"standard","meta":{"_jetpack_memberships_contains_paid_content":false,"footnotes":"","jetpack_publicize_message":"","jetpack_publicize_feature_enabled":true,"jetpack_social_post_already_shared":true,"jetpack_social_options":{"image_generator_settings":{"template":"highway","default_image_id":0,"font":"","enabled":false},"version":2}},"categories":[10],"tags":[],"post_folder":[],"class_list":["post-1641","post","type-post","status-publish","format-standard","hentry","category-global","content-layout-full"],"jetpack_publicize_connections":[],"jetpack_featured_media_url":"","jetpack_sharing_enabled":true,"jetpack_shortlink":"https:\/\/wp.me\/p6EvnD-qt","_links":{"self":[{"href":"https:\/\/www.34bw.be\/index.php?rest_route=\/wp\/v2\/posts\/1641","targetHints":{"allow":["GET"]}}],"collection":[{"href":"https:\/\/www.34bw.be\/index.php?rest_route=\/wp\/v2\/posts"}],"about":[{"href":"https:\/\/www.34bw.be\/index.php?rest_route=\/wp\/v2\/types\/post"}],"author":[{"embeddable":true,"href":"https:\/\/www.34bw.be\/index.php?rest_route=\/wp\/v2\/users\/8"}],"replies":[{"embeddable":true,"href":"https:\/\/www.34bw.be\/index.php?rest_route=%2Fwp%2Fv2%2Fcomments&post=1641"}],"version-history":[{"count":0,"href":"https:\/\/www.34bw.be\/index.php?rest_route=\/wp\/v2\/posts\/1641\/revisions"}],"wp:attachment":[{"href":"https:\/\/www.34bw.be\/index.php?rest_route=%2Fwp%2Fv2%2Fmedia&parent=1641"}],"wp:term":[{"taxonomy":"category","embeddable":true,"href":"https:\/\/www.34bw.be\/index.php?rest_route=%2Fwp%2Fv2%2Fcategories&post=1641"},{"taxonomy":"post_tag","embeddable":true,"href":"https:\/\/www.34bw.be\/index.php?rest_route=%2Fwp%2Fv2%2Ftags&post=1641"},{"taxonomy":"post_folder","embeddable":true,"href":"https:\/\/www.34bw.be\/index.php?rest_route=%2Fwp%2Fv2%2Fpost_folder&post=1641"}],"curies":[{"name":"wp","href":"https:\/\/api.w.org\/{rel}","templated":true}]}}