


{"id":1598,"date":"2019-08-29T18:11:48","date_gmt":"2019-08-29T18:11:48","guid":{"rendered":"https:\/\/34bw.be\/?p=1598"},"modified":"2019-08-29T19:35:40","modified_gmt":"2019-08-29T18:35:40","slug":"reunion-de-passage-2019-informations-de-rentree","status":"publish","type":"post","link":"https:\/\/www.34bw.be\/?p=1598","title":{"rendered":"R\u00e9union de passage 2019 + informations de rentr\u00e9e"},"content":{"rendered":"<div dir=\"ltr\">\n<div dir=\"ltr\">\n<div dir=\"ltr\">\n<div>Bonjour \u00e0 toutes et tous !\u00a0<\/div>\n<div><\/div>\n<div>Une nouvelle ann\u00e9e va d\u00e9marrer, pleines d&#39;aventures ! Il est donc temps de vous transmettre certaines informations \ud83d\ude42\u00a0<\/div>\n<div><\/div>\n<div><b><font size=\"4\">La r\u00e9union de passage\u00a0<\/font><\/b><\/div>\n<div>&#8211; Elle se d\u00e9roulera le <u>samedi 14 septembre<\/u> 2019 de 13h \u00e0 18h. Elle prendra place au bois de la Houssi\u00e8re \u00e0 Virginal (commune de Braine-le-Comte). Nous vous donnons rendez-vous sur le parking situ\u00e9 face au caf\u00e9 Chez Torine (informations plus pr\u00e9cises en pi\u00e8ce jointe).<\/div>\n<div><\/div>\n<div>&#8211; Tous les anim\u00e9s y sont convi\u00e9s, <u>hormis les premi\u00e8res ann\u00e9es baladins<\/u> qui eux feront leur &quot;rentr\u00e9e&quot; le samedi 21\/9 au local. Cette disposition est prise afin de faciliter leur accueil. En effet, la r\u00e9union de passage est un moment avec toute l&#39;unit\u00e9 et il peut \u00eatre impressionnant de se retrouver face \u00e0 tant de nouvelles personnes en une fois \ud83d\ude42 Les nouveaux anim\u00e9s louveteaux, scouts et pionniers sont quant \u00e0 eux attendus pour la r\u00e9union de passage !\u00a0<\/div>\n<div><\/div>\n<div>&#8211; Pr\u00e9voyez des v\u00eatements <u>adapt\u00e9s \u00e0 la m\u00e9t\u00e9o<\/u> (avec des bonnes chaussures). Veillez \u00e9galement \u00e0 ce que votre enfant ait mang\u00e9 avant la r\u00e9union ainsi qu&#39;\u00e0 <font face=\"Arial\">ce<span id=\"gmail-docs-internal-guid-2b474d0d-7fff-46b2-dbbc-27e6ed376bef\" style=\"text-align:left;color:rgb(34,34,34);text-transform:none;text-indent:0px;letter-spacing:normal;font-size:10pt;font-style:normal;font-variant:normal;font-weight:400;text-decoration:none;word-spacing:0px;vertical-align:baseline;white-space:pre-wrap;background-color:transparent\"> qu\u2019il ait avec lui un petit sac \u00e0 dos avec une gourde <\/span><\/font>\ud83d\ude42 Le go\u00fbter est quant \u00e0 lui pr\u00e9vu par l&#39;unit\u00e9.<\/div>\n<div><\/div>\n<div>&#8211; A la fin de la r\u00e9union de passage (donc \u00e0 18h), un <u>verre de l&#39;amiti\u00e9<\/u> est pr\u00e9vu (autant pour les parents que les anim\u00e9s). Nous esp\u00e9rons donc vous y voir nombreux ! \u00a0<\/div>\n<div><\/div>\n<div><b><\/b><\/div>\n<div><b><font size=\"4\">Informations diverses de rentr\u00e9e<\/font><\/b><\/div>\n<div>&#8211; Un dossier de rentr\u00e9e sera donn\u00e9 lors de la r\u00e9union de passage avec les informations concernant l&#39;uniforme, la cotisation, les calendriers,&#8230; ainsi que la planning des r\u00e9unions. Pour information, toutes les sections auront r\u00e9union le samedi 21\/9 (14h \u00e0 18h au local).<\/div>\n<div><\/div>\n<div>-Nous avons d\u00e9cid\u00e9 d&#39;organiser une <i>&quot;bourse&quot; aux v\u00eatements<\/i> cette ann\u00e9e concernant les uniformes. L&#39;id\u00e9e \u00e9tant de vous permettre de revendre et d&#39;acheter ce dont vous avez besoin entre parents.\u00a0<\/div>\n<div>Comment cela va-t-il fonctionner ? Nous vous proposons de compl\u00e9ter le document excel avec l&#39;article que vous vendez (un exemple sera mis dans le fichier) ainsi que le prix demand\u00e9. Vous pouvez proposer pull\/ chemise avec ou sans \u00e9cussons ainsi que des bottines \u00e9ventuellement.\u00a0<\/div>\n<div>Merci d&#39;indiquer \u00e9galement votre nom et \u00e9ventuellement votre num\u00e9ro de t\u00e9l\u00e9phone ou adresse mail. Cela permettra de vous organiser entre vous pour proc\u00e9der aux &quot;achats&quot;. Si vous ne souhaitez pas que votre num\u00e9ro (ou adresse mail) soit communiqu\u00e9 \u00e0 tous les parents, pas de probl\u00e8me; dans ce cas-l\u00e0, nous vous proposons de venir au local le samedi 21 \u00e0 la fin de la r\u00e9union (avec les objets que vous vendez) \ud83d\ude42 \u00a0<\/div>\n<div><span id=\"gmail-docs-internal-guid-bdd921c1-7fff-6b29-c631-6a1b8314c079\" style=\"text-align:left;color:rgb(34,34,34);text-transform:none;text-indent:0px;letter-spacing:normal;font-family:Arial;font-size:10pt;font-style:normal;font-variant:normal;font-weight:400;text-decoration:none;word-spacing:0px;vertical-align:baseline;white-space:pre-wrap;background-color:transparent\">-&gt; fichier excel : <\/span><a style=\"text-align:left;color:rgb(0,102,204);text-transform:none;text-indent:0px;letter-spacing:normal;font-family:Times New Roman;font-size:16px;font-style:normal;font-variant:normal;font-weight:400;text-decoration:none;word-spacing:0px;white-space:normal\" href=\"https:\/\/docs.google.com\/spreadsheets\/d\/1NyUaFYVkStp8GxS1Hnip6ST9rHYbIUA-r90_i3t2UQk\/edit?usp=sharing\"><span style=\"color:rgb(17,85,204);font-family:Arial;font-size:10pt;font-style:normal;font-variant:normal;font-weight:400;text-decoration:underline;vertical-align:baseline;white-space:pre-wrap;background-color:transparent\">https:\/\/docs.google.com\/spreadsheets\/d\/1NyUaFYVkStp8GxS1Hnip6ST9rHYbIUA-r90_i3t2UQk\/edit?usp=sharing<\/span><\/a><span style=\"text-align:left;color:rgb(34,34,34);text-transform:none;text-indent:0px;letter-spacing:normal;font-family:Arial;font-size:10pt;font-style:normal;font-variant:normal;font-weight:400;text-decoration:none;word-spacing:0px;vertical-align:baseline;white-space:pre-wrap;background-color:transparent\"> <\/span><br style=\"text-align:left;color:rgb(0,0,0);text-transform:none;text-indent:0px;letter-spacing:normal;font-family:Times New Roman;font-size:16px;font-style:normal;font-variant:normal;font-weight:400;text-decoration:none;word-spacing:0px;white-space:normal\"><\/div>\n<div>&#8211; Attestations mutuelles : il est possible d&#39;avoir une intervention de la mutuelle concernant les camps de ce mois de juillet 2019. Pour en b\u00e9n\u00e9ficier, vous devez demander le formulaire \u00e0 votre mutuelle, le pr\u00e9-compl\u00e9ter puis nous l&#39;envoyer par mail afin que nous y mettions le cachet et la signature.<\/div>\n<div><\/div>\n<div>&#8211; Concernant les participations aux r\u00e9unions, nous vous rappelons que nous sommes contraints de devoir refuser des anim\u00e9s car certaines sections sont compl\u00e8tes (les baladins et louveteaux). Nous attendons donc que votre enfant participe de fa\u00e7on r\u00e9guli\u00e8re aux r\u00e9unions et que vous avertissiez les sections concern\u00e9es en cas d&#39;absence. Si jamais votre enfant ne souhaite plus participer aux r\u00e9unions \u00e0 un moment donn\u00e9, merci de nous en avertir rapidement. \ud83d\ude42\u00a0<\/div>\n<div><\/div>\n<div>&#8211; Nous vous rappelons \u00e9galement que l&#39;unit\u00e9 dispose d&#39;un site (<a href=\"http:\/\/34bw.be\" target=\"_blank\">34bw.be<\/a>) avec toutes les informations utiles concernant les sections, le planning de r\u00e9unions mais aussi les mails envoy\u00e9s. N&#39;oubliez pas d&#39;aller le consulter en cas d&#39;interrogation \ud83d\ude09\u00a0<\/div>\n<div><\/div>\n<div>Nous avons h\u00e2te de commencer cette nouvelle ann\u00e9e avec vous !\u00a0<\/div>\n<div>Nous restons bien \u00e9videmment \u00e0 votre disposition \ud83d\ude42\u00a0<\/div>\n<div><\/div>\n<div>Au plaisir de vous voir le 14\/9,<\/div>\n<div><\/div>\n<div>Dendrolague Couteau-Suisse pour le staff d&#39;unit\u00e9<\/div>\n<div>Nora Kassimy<\/div>\n<div><\/div>\n<div><\/div>\n<\/div>\n<\/div>\n<\/div>\n<div class=\"postie-attachments\"><a href=\"https:\/\/34bw.be\/wp-content\/uploads\/2019\/08\/Info-rdv.docx\">Info-rdv.docx<\/a><\/div>\n","protected":false},"excerpt":{"rendered":"<p>Bonjour \u00e0 toutes et tous !\u00a0 Une nouvelle ann\u00e9e va d\u00e9marrer, pleines d&#39;aventures ! Il est donc temps de vous transmettre certaines informations \ud83d\ude42\u00a0 La r\u00e9union de passage\u00a0 &#8211; Elle se d\u00e9roulera le samedi 14 septembre 2019 de 13h \u00e0 18h. Elle prendra place au bois de la Houssi\u00e8re \u00e0 Virginal (commune de Braine-le-Comte). Nous vous donnons rendez-vous sur le parking situ\u00e9 face au caf\u00e9 Chez Torine (informations plus pr\u00e9cises en pi\u00e8ce jointe). &#8211; Tous les anim\u00e9s y sont convi\u00e9s, hormis les premi\u00e8res ann\u00e9es baladins qui eux feront leur &quot;rentr\u00e9e&quot; le samedi 21\/9 au local. Cette disposition est prise afin de faciliter leur accueil. En effet, la r\u00e9union de passage est un moment avec toute l&#39;unit\u00e9 et il peut \u00eatre impressionnant de se retrouver face \u00e0 tant de nouvelles personnes en une fois \ud83d\ude42 Les nouveaux anim\u00e9s louveteaux, scouts et pionniers sont quant \u00e0 eux attendus pour la r\u00e9union de passage !\u00a0 &#8211; Pr\u00e9voyez des v\u00eatements adapt\u00e9s \u00e0 la m\u00e9t\u00e9o (avec des bonnes chaussures). Veillez \u00e9galement \u00e0 ce que votre enfant ait mang\u00e9 avant la r\u00e9union ainsi qu&#39;\u00e0 ce qu\u2019il ait avec lui un petit sac \u00e0 dos avec une gourde \ud83d\ude42 Le go\u00fbter est quant \u00e0 lui pr\u00e9vu par l&#39;unit\u00e9. &#8211; A la fin de la r\u00e9union de passage (donc \u00e0 18h), un verre de l&#39;amiti\u00e9 est pr\u00e9vu (autant pour les parents que les anim\u00e9s). Nous esp\u00e9rons donc vous y voir nombreux ! \u00a0 Informations diverses de rentr\u00e9e &#8211; Un dossier de rentr\u00e9e sera donn\u00e9 lors de la r\u00e9union de passage avec les informations concernant l&#39;uniforme, la cotisation, les calendriers,&#8230; ainsi que la planning des r\u00e9unions. Pour information, toutes les sections auront r\u00e9union le samedi 21\/9 (14h \u00e0 18h au local). -Nous avons d\u00e9cid\u00e9 d&#39;organiser une &quot;bourse&quot; aux v\u00eatements cette ann\u00e9e concernant les uniformes. L&#39;id\u00e9e \u00e9tant de vous permettre de revendre et d&#39;acheter ce dont vous avez besoin entre parents.\u00a0 Comment cela va-t-il fonctionner ? Nous vous proposons de compl\u00e9ter le document excel avec l&#39;article que vous vendez (un exemple sera mis dans le fichier) ainsi que le prix demand\u00e9. Vous pouvez proposer pull\/ chemise avec ou sans \u00e9cussons ainsi que des bottines \u00e9ventuellement.\u00a0 Merci d&#39;indiquer \u00e9galement votre nom et \u00e9ventuellement votre num\u00e9ro de t\u00e9l\u00e9phone ou adresse mail. Cela permettra de vous organiser entre vous pour proc\u00e9der aux &quot;achats&quot;. Si vous ne souhaitez pas que votre num\u00e9ro (ou adresse mail) soit communiqu\u00e9 \u00e0 tous les parents, pas de probl\u00e8me; dans ce cas-l\u00e0, nous vous proposons de venir au local le samedi 21 \u00e0 la fin de la r\u00e9union (avec les objets que vous vendez) \ud83d\ude42 \u00a0 -&gt; fichier excel : https:\/\/docs.google.com\/spreadsheets\/d\/1NyUaFYVkStp8GxS1Hnip6ST9rHYbIUA-r90_i3t2UQk\/edit?usp=sharing &#8211; Attestations mutuelles : il est possible d&#39;avoir une intervention de la mutuelle concernant les camps de ce mois de juillet 2019. Pour en b\u00e9n\u00e9ficier, vous devez demander le formulaire \u00e0 votre mutuelle, le pr\u00e9-compl\u00e9ter puis nous l&#39;envoyer par mail afin que nous y mettions le cachet et la signature. &#8211; Concernant les participations aux r\u00e9unions, nous vous rappelons que nous sommes contraints de devoir refuser des anim\u00e9s car certaines sections sont compl\u00e8tes (les baladins et louveteaux). Nous attendons donc que votre enfant participe de fa\u00e7on r\u00e9guli\u00e8re aux r\u00e9unions et que vous avertissiez les sections concern\u00e9es en cas d&#39;absence. Si jamais votre enfant ne souhaite plus participer aux r\u00e9unions \u00e0 un moment donn\u00e9, merci de nous en avertir rapidement. \ud83d\ude42\u00a0 &#8211; Nous vous rappelons \u00e9galement que l&#39;unit\u00e9 dispose d&#39;un site (34bw.be) avec toutes les informations utiles concernant les sections, le planning de r\u00e9unions mais aussi les mails envoy\u00e9s. N&#39;oubliez pas d&#39;aller le consulter en cas d&#39;interrogation \ud83d\ude09\u00a0 Nous avons h\u00e2te de commencer cette nouvelle ann\u00e9e avec vous !\u00a0 Nous restons bien \u00e9videmment \u00e0 votre disposition \ud83d\ude42\u00a0 Au plaisir de vous voir le 14\/9, Dendrolague Couteau-Suisse pour le staff d&#39;unit\u00e9 Nora Kassimy Info-rdv.docx<\/p>\n","protected":false},"author":8,"featured_media":0,"comment_status":"open","ping_status":"open","sticky":false,"template":"","format":"standard","meta":{"_jetpack_memberships_contains_paid_content":false,"footnotes":"","jetpack_publicize_message":"","jetpack_publicize_feature_enabled":true,"jetpack_social_post_already_shared":true,"jetpack_social_options":{"image_generator_settings":{"template":"highway","default_image_id":0,"font":"","enabled":false},"version":2}},"categories":[10],"tags":[],"post_folder":[],"class_list":["post-1598","post","type-post","status-publish","format-standard","hentry","category-global","content-layout-full"],"jetpack_publicize_connections":[],"jetpack_featured_media_url":"","jetpack_sharing_enabled":true,"jetpack_shortlink":"https:\/\/wp.me\/p6EvnD-pM","_links":{"self":[{"href":"https:\/\/www.34bw.be\/index.php?rest_route=\/wp\/v2\/posts\/1598","targetHints":{"allow":["GET"]}}],"collection":[{"href":"https:\/\/www.34bw.be\/index.php?rest_route=\/wp\/v2\/posts"}],"about":[{"href":"https:\/\/www.34bw.be\/index.php?rest_route=\/wp\/v2\/types\/post"}],"author":[{"embeddable":true,"href":"https:\/\/www.34bw.be\/index.php?rest_route=\/wp\/v2\/users\/8"}],"replies":[{"embeddable":true,"href":"https:\/\/www.34bw.be\/index.php?rest_route=%2Fwp%2Fv2%2Fcomments&post=1598"}],"version-history":[{"count":0,"href":"https:\/\/www.34bw.be\/index.php?rest_route=\/wp\/v2\/posts\/1598\/revisions"}],"wp:attachment":[{"href":"https:\/\/www.34bw.be\/index.php?rest_route=%2Fwp%2Fv2%2Fmedia&parent=1598"}],"wp:term":[{"taxonomy":"category","embeddable":true,"href":"https:\/\/www.34bw.be\/index.php?rest_route=%2Fwp%2Fv2%2Fcategories&post=1598"},{"taxonomy":"post_tag","embeddable":true,"href":"https:\/\/www.34bw.be\/index.php?rest_route=%2Fwp%2Fv2%2Ftags&post=1598"},{"taxonomy":"post_folder","embeddable":true,"href":"https:\/\/www.34bw.be\/index.php?rest_route=%2Fwp%2Fv2%2Fpost_folder&post=1598"}],"curies":[{"name":"wp","href":"https:\/\/api.w.org\/{rel}","templated":true}]}}