


{"id":1514,"date":"2018-09-13T18:10:01","date_gmt":"2018-09-13T17:10:01","guid":{"rendered":"http:\/\/34bw.be\/?p=1514"},"modified":"2018-09-13T18:16:59","modified_gmt":"2018-09-13T17:16:59","slug":"unite-infos-de-rentree","status":"publish","type":"post","link":"https:\/\/www.34bw.be\/?p=1514","title":{"rendered":"[Unit\u00e9] Infos de rentr\u00e9e"},"content":{"rendered":"<p>Garde \u00e0 vous!<\/p>\n<div><\/div>\n<div>\u00ab\u00a0<i>Ceci, c&rsquo;est mon Unit\u00e9. Il y en a beaucoup comme \u00e7a, mais celle-ci, c&rsquo;est la mienne. Mon Unit\u00e9, c&rsquo;est ma meilleure amie. Elle, c&rsquo;est ma vie. Je dois en \u00eatre ma\u00eetre, comme ma\u00eetre de ma vie. Sans moi, mon Unit\u00e9 n&rsquo;est rien. Sans mon Unit\u00e9, je ne suis rien.<\/i>\u00a0\u00bb\u00a0 Full Metal Baden<\/div>\n<div>\n<div><\/div>\n<div>Vous l&rsquo;avez compris, l&rsquo;ann\u00e9e scoute recommence de plus belle! Encore une ann\u00e9e \u00e0 courir jusqu&rsquo;\u00e0 saigner des pieds, ramper dans la boue, nager dans des torrents, mourrir de froid, se faire torturer par ses chefs et manger des cacas papillons!<\/div>\n<div>La souffrance ne fait que commencer et voici o\u00f9 vous allez pouvoir en profiter le plus tas de crapauds :<\/div>\n<div><\/div>\n<div><span style=\"font-family: arial black, sans-serif;\"><u>R\u00e9union de passage<\/u><\/span><\/div>\n<div><\/div>\n<div>&#8211; Quand : samedi 15\/09\/18 de 13 \u00e0 18 heures.<\/div>\n<div>&#8211; O\u00f9 : le bois de Villers-la-Ville. D\u00e9but et fin au bord du bois, soit au croisement entre la rue de l&rsquo;Abbaye et le chemin Notre Dame (Chapelle Notre Dame des Afflig\u00e9s). Il est possible d&rsquo;y stationner quelques v\u00e9hicules pour le d\u00e9p\u00f4t (kiss&amp;Ride) en d\u00e9but de r\u00e9union. Pour la fin, une partie des v\u00e9hicules pourront s&rsquo;y stationner, l&rsquo;autre partie n&rsquo;aura que quelques m\u00e8tres \u00e0 faire en se stationnant sur l&rsquo;un des deux parkings des ruines.<\/div>\n<div>&#8211; Qui : tous les anim\u00e9s sont convi\u00e9s\u00a0<b>hormis les baladins de premi\u00e8re ann\u00e9e*<\/b>.<\/div>\n<div>&#8211; Que prendre : des habits d\u00e9pendants de la m\u00e9t\u00e9o, de bonnes chaussures et une bonne humeur \u00e0 scalper un grizzly.<\/div>\n<div>&#8211; Autre : tu dois avoir mang\u00e9 pour midi mais le 4 heures sera pr\u00e9vu par l&rsquo;Unit\u00e9.<\/div>\n<div>&#8211; Autre bis : l&rsquo;Unit\u00e9 vous invite (autant parent qu&rsquo;anim\u00e9) \u00e0 nous rencontrer autour d&rsquo;un verre de l&rsquo;amiti\u00e9 offert \u00e0 partir de 18h.<\/div>\n<div><\/div>\n<div>\n<div><span style=\"font-family: arial black, sans-serif;\"><u>Informations suppl\u00e9mentaires de d\u00e9but d&rsquo;ann\u00e9e.<\/u><\/span><\/div>\n<div><\/div>\n<div>Le dossier de rentr\u00e9e comprenant toutes les informations n\u00e9cessaires aux inscriptions, \u00e0 la rentr\u00e9e, aux uniformes,&#8230; vous sera remis \u00e0 la fin de la r\u00e9union de passage en compagnie du planning de l&rsquo;ann\u00e9e. Nous pouvons d&rsquo;ores et d\u00e9j\u00e0 vous donner la date de la r\u00e9union suivant celle de passage : le samedi 22\/09\/18 (pour toutes les sections).<\/div>\n<\/div>\n<div><span style=\"font-family: arial black, sans-serif;\"><u>\u00a0<\/u><\/span><\/div>\n<div><u><span style=\"font-family: arial, helvetica, sans-serif;\"><i>Attestation mutuelle<\/i><\/span><\/u><\/div>\n<div><\/div>\n<div>Pour le camp de juillet 2018, il vous est possible de transmettre \u00e0 votre mutualit\u00e9 une demande d&rsquo;intervention vous permettant ainsi que r\u00e9cup\u00e9rer un peu d&rsquo;argent, de flouz, de biftons, de grisbi. Cette attestation est \u00e0 demander \u00e0 votre mutuelle, \u00e0 remplir\u00a0<b>compl\u00e8tement\u00a0<\/b>(dates, lieu,&#8230;) puis \u00e0 nous envoyer par mail. Nous y apposons alors signature et cachet avant de vous la retourner par mail pour que vous la remettiez \u00e0 votre mutualit\u00e9. N&rsquo;h\u00e9sitez donc pas!<\/div>\n<div><\/div>\n<div><u><span style=\"font-family: arial, helvetica, sans-serif;\"><i>Arr\u00eat de participation.<\/i><\/span><\/u><\/div>\n<div><\/div>\n<div>Cette ann\u00e9e encore, nous sommes contraints de devoir refuser plusieurs petits bouts qui seraient plus qu&rsquo;heureux de pouvoir scouter avec nous. En effet, les sections baladins et louveteaux sont archi-compl\u00e8tes. Si votre tendre bambin ne souhaite plus participer aux r\u00e9unions, tenez-nous rapidement inform\u00e9s!<\/div>\n<div><\/div>\n<div>Merci pour votre attention cher public rompez les rangs.<\/div>\n<div><\/div>\n<div>Grosses papouilles.<\/div>\n<div><\/div>\n<div>Miriki Balle Magique<\/div>\n<div>Quentin Fayt<\/div>\n<div>0486\/21.06.09<\/div>\n<div><\/div>\n<div><\/div>\n<div><b>*\u00a0<\/b>Une petite pr\u00e9cision malgr\u00e9 tout pour les nouveaux baladins (baladins de premi\u00e8re ann\u00e9e), ceux-ci ne sont pas \u00ab\u00a0convi\u00e9s\u00a0\u00bb \u00e0 la r\u00e9union de passage. Leur premi\u00e8re r\u00e9union se d\u00e9roulera donc le 22\/09\/18. En effet, la r\u00e9union de passage est un moment o\u00f9 toute l&rsquo;unit\u00e9 est rassembl\u00e9e en vue de la mont\u00e9e des plus grands dans les sections sup\u00e9rieures. Etant donn\u00e9 que la plupart des anim\u00e9s se connaissent d\u00e9j\u00e0 d&rsquo;auparavant, nous avons d\u00e9j\u00e0 pu constater que certains nouveaux baladins avaient parfois du mal \u00e0 s&rsquo;int\u00e9grer dans ce groupe \u00ab\u00a0m\u00e9connu\u00a0\u00bb. Pour que leur accueil se fasse plus facilement, ils sont convi\u00e9s d\u00e8s la premi\u00e8re r\u00e9union de la Ribambelle, avec tout le reste de leurs camarades \ud83d\ude09 Cette mesure ne concerne cependant pas les nouveaux louveteaux ou nouveaux scouts.<\/div>\n<\/div>\n","protected":false},"excerpt":{"rendered":"<p>Garde \u00e0 vous! \u00ab\u00a0Ceci, c&rsquo;est mon Unit\u00e9. Il y en a beaucoup comme \u00e7a, mais celle-ci, c&rsquo;est la mienne. Mon Unit\u00e9, c&rsquo;est ma meilleure amie. Elle, c&rsquo;est ma vie. Je dois en \u00eatre ma\u00eetre, comme ma\u00eetre de ma vie. Sans moi, mon Unit\u00e9 n&rsquo;est rien. Sans mon Unit\u00e9, je ne suis rien.\u00a0\u00bb\u00a0 Full Metal Baden Vous l&rsquo;avez compris, l&rsquo;ann\u00e9e scoute recommence de plus belle! Encore une ann\u00e9e \u00e0 courir jusqu&rsquo;\u00e0 saigner des pieds, ramper dans la boue, nager dans des torrents, mourrir de froid, se faire torturer par ses chefs et manger des cacas papillons! La souffrance ne fait que commencer et voici o\u00f9 vous allez pouvoir en profiter le plus tas de crapauds : R\u00e9union de passage &#8211; Quand : samedi 15\/09\/18 de 13 \u00e0 18 heures. &#8211; O\u00f9 : le bois de Villers-la-Ville. D\u00e9but et fin au bord du bois, soit au croisement entre la rue de l&rsquo;Abbaye et le chemin Notre Dame (Chapelle Notre Dame des Afflig\u00e9s). Il est possible d&rsquo;y stationner quelques v\u00e9hicules pour le d\u00e9p\u00f4t (kiss&amp;Ride) en d\u00e9but de r\u00e9union. Pour la fin, une partie des v\u00e9hicules pourront s&rsquo;y stationner, l&rsquo;autre partie n&rsquo;aura que quelques m\u00e8tres \u00e0 faire en se stationnant sur l&rsquo;un des deux parkings des ruines. &#8211; Qui : tous les anim\u00e9s sont convi\u00e9s\u00a0hormis les baladins de premi\u00e8re ann\u00e9e*. &#8211; Que prendre : des habits d\u00e9pendants de la m\u00e9t\u00e9o, de bonnes chaussures et une bonne humeur \u00e0 scalper un grizzly. &#8211; Autre : tu dois avoir mang\u00e9 pour midi mais le 4 heures sera pr\u00e9vu par l&rsquo;Unit\u00e9. &#8211; Autre bis : l&rsquo;Unit\u00e9 vous invite (autant parent qu&rsquo;anim\u00e9) \u00e0 nous rencontrer autour d&rsquo;un verre de l&rsquo;amiti\u00e9 offert \u00e0 partir de 18h. Informations suppl\u00e9mentaires de d\u00e9but d&rsquo;ann\u00e9e. Le dossier de rentr\u00e9e comprenant toutes les informations n\u00e9cessaires aux inscriptions, \u00e0 la rentr\u00e9e, aux uniformes,&#8230; vous sera remis \u00e0 la fin de la r\u00e9union de passage en compagnie du planning de l&rsquo;ann\u00e9e. Nous pouvons d&rsquo;ores et d\u00e9j\u00e0 vous donner la date de la r\u00e9union suivant celle de passage : le samedi 22\/09\/18 (pour toutes les sections). \u00a0 Attestation mutuelle Pour le camp de juillet 2018, il vous est possible de transmettre \u00e0 votre mutualit\u00e9 une demande d&rsquo;intervention vous permettant ainsi que r\u00e9cup\u00e9rer un peu d&rsquo;argent, de flouz, de biftons, de grisbi. Cette attestation est \u00e0 demander \u00e0 votre mutuelle, \u00e0 remplir\u00a0compl\u00e8tement\u00a0(dates, lieu,&#8230;) puis \u00e0 nous envoyer par mail. Nous y apposons alors signature et cachet avant de vous la retourner par mail pour que vous la remettiez \u00e0 votre mutualit\u00e9. N&rsquo;h\u00e9sitez donc pas! Arr\u00eat de participation. Cette ann\u00e9e encore, nous sommes contraints de devoir refuser plusieurs petits bouts qui seraient plus qu&rsquo;heureux de pouvoir scouter avec nous. En effet, les sections baladins et louveteaux sont archi-compl\u00e8tes. Si votre tendre bambin ne souhaite plus participer aux r\u00e9unions, tenez-nous rapidement inform\u00e9s! Merci pour votre attention cher public rompez les rangs. Grosses papouilles. Miriki Balle Magique Quentin Fayt 0486\/21.06.09 *\u00a0Une petite pr\u00e9cision malgr\u00e9 tout pour les nouveaux baladins (baladins de premi\u00e8re ann\u00e9e), ceux-ci ne sont pas \u00ab\u00a0convi\u00e9s\u00a0\u00bb \u00e0 la r\u00e9union de passage. Leur premi\u00e8re r\u00e9union se d\u00e9roulera donc le 22\/09\/18. En effet, la r\u00e9union de passage est un moment o\u00f9 toute l&rsquo;unit\u00e9 est rassembl\u00e9e en vue de la mont\u00e9e des plus grands dans les sections sup\u00e9rieures. Etant donn\u00e9 que la plupart des anim\u00e9s se connaissent d\u00e9j\u00e0 d&rsquo;auparavant, nous avons d\u00e9j\u00e0 pu constater que certains nouveaux baladins avaient parfois du mal \u00e0 s&rsquo;int\u00e9grer dans ce groupe \u00ab\u00a0m\u00e9connu\u00a0\u00bb. Pour que leur accueil se fasse plus facilement, ils sont convi\u00e9s d\u00e8s la premi\u00e8re r\u00e9union de la Ribambelle, avec tout le reste de leurs camarades \ud83d\ude09 Cette mesure ne concerne cependant pas les nouveaux louveteaux ou nouveaux scouts.<\/p>\n","protected":false},"author":8,"featured_media":0,"comment_status":"closed","ping_status":"closed","sticky":false,"template":"","format":"standard","meta":{"_jetpack_memberships_contains_paid_content":false,"footnotes":"","jetpack_publicize_message":"","jetpack_publicize_feature_enabled":true,"jetpack_social_post_already_shared":true,"jetpack_social_options":{"image_generator_settings":{"template":"highway","default_image_id":0,"font":"","enabled":false},"version":2}},"categories":[1],"tags":[],"post_folder":[],"class_list":["post-1514","post","type-post","status-publish","format-standard","hentry","category-non-classe","content-layout-full"],"jetpack_publicize_connections":[],"jetpack_featured_media_url":"","jetpack_sharing_enabled":true,"jetpack_shortlink":"https:\/\/wp.me\/p6EvnD-oq","_links":{"self":[{"href":"https:\/\/www.34bw.be\/index.php?rest_route=\/wp\/v2\/posts\/1514","targetHints":{"allow":["GET"]}}],"collection":[{"href":"https:\/\/www.34bw.be\/index.php?rest_route=\/wp\/v2\/posts"}],"about":[{"href":"https:\/\/www.34bw.be\/index.php?rest_route=\/wp\/v2\/types\/post"}],"author":[{"embeddable":true,"href":"https:\/\/www.34bw.be\/index.php?rest_route=\/wp\/v2\/users\/8"}],"replies":[{"embeddable":true,"href":"https:\/\/www.34bw.be\/index.php?rest_route=%2Fwp%2Fv2%2Fcomments&post=1514"}],"version-history":[{"count":3,"href":"https:\/\/www.34bw.be\/index.php?rest_route=\/wp\/v2\/posts\/1514\/revisions"}],"predecessor-version":[{"id":1519,"href":"https:\/\/www.34bw.be\/index.php?rest_route=\/wp\/v2\/posts\/1514\/revisions\/1519"}],"wp:attachment":[{"href":"https:\/\/www.34bw.be\/index.php?rest_route=%2Fwp%2Fv2%2Fmedia&parent=1514"}],"wp:term":[{"taxonomy":"category","embeddable":true,"href":"https:\/\/www.34bw.be\/index.php?rest_route=%2Fwp%2Fv2%2Fcategories&post=1514"},{"taxonomy":"post_tag","embeddable":true,"href":"https:\/\/www.34bw.be\/index.php?rest_route=%2Fwp%2Fv2%2Ftags&post=1514"},{"taxonomy":"post_folder","embeddable":true,"href":"https:\/\/www.34bw.be\/index.php?rest_route=%2Fwp%2Fv2%2Fpost_folder&post=1514"}],"curies":[{"name":"wp","href":"https:\/\/api.w.org\/{rel}","templated":true}]}}